{"id":2135,"date":"2016-03-01T09:42:20","date_gmt":"2016-03-01T12:42:20","guid":{"rendered":"http:\/\/www.eldiariodesanpedro.com.ar\/?p=2135"},"modified":"2016-03-01T09:42:20","modified_gmt":"2016-03-01T12:42:20","slug":"piden-el-rapido-traslado-de-un-joven-gravemente-accidentado","status":"publish","type":"post","link":"https:\/\/eldiariodesanpedro.com.ar\/sitio\/piden-el-rapido-traslado-de-un-joven-gravemente-accidentado\/","title":{"rendered":"Piden el r\u00e1pido traslado de un joven gravemente accidentado"},"content":{"rendered":"<p><!-- VideographyWP Plugin Message: Automatic video embedding prevented by plugin options. --><br \/>\nEl joven de 17 sufri\u00f3 un fuerte traumatismo de cr\u00e1neo en un accidente ocurrido en la madrugada del domingo, cerca de las 5.30, luego de la salida de los boliches. El fuerte impacto se produjo contra un Renault 12 en la esquina de Lavalle e Ituzaing\u00f3, cuando se dirig\u00eda junto a otra persona en su moto.<br \/>\nEl mismo se encuentra internado en Terapia Intensiva, en coma inducido y con asistencia respiratoria y se espera su derivaci\u00f3n a un nosocomio de mayor complejidad. Al cierre de la edici\u00f3n, a pesar del esfuerzo de los responsables de la cartera sanitaria local, a\u00fan no se hab\u00eda podido concretar ante la negativa de distintos centros asistenciales de Pergamino, La Plata y San Nicol\u00e1s, por no tener camas disponibles.<br \/>\nFamiliares preocupados por la situaci\u00f3n piden una ayuda desesperada para que el paciente sea derivado cuanto antes para que pueda ser atendido por un neurocirujano.<\/p>\n","protected":false},"excerpt":{"rendered":"<p>El joven de 17 sufri\u00f3 un fuerte traumatismo de cr\u00e1neo en un accidente ocurrido en la madrugada del domingo, cerca de las 5.30, luego de la salida de los boliches. El fuerte impacto se produjo contra un Renault 12 en la esquina de Lavalle e Ituzaing\u00f3, cuando se dirig\u00eda junto a otra persona en su [&hellip;]<\/p>\n","protected":false},"author":4,"featured_media":2137,"comment_status":"open","ping_status":"closed","sticky":false,"template":"","format":"standard","meta":{"om_disable_all_campaigns":false,"_jetpack_memberships_contains_paid_content":false,"footnotes":""},"categories":[50,101,2],"tags":[],"class_list":["post-2135","post","type-post","status-publish","format-standard","has-post-thumbnail","hentry","category-destacadas","category-interes-general-locales","category-locales"],"aioseo_notices":[],"gutentor_comment":0,"jetpack_featured_media_url":"https:\/\/eldiariodesanpedro.com.ar\/sitio\/wp-content\/uploads\/2016\/03\/1.jpg","jetpack_shortlink":"https:\/\/wp.me\/p6RhLt-yr","jetpack_sharing_enabled":true,"_links":{"self":[{"href":"https:\/\/eldiariodesanpedro.com.ar\/sitio\/wp-json\/wp\/v2\/posts\/2135","targetHints":{"allow":["GET"]}}],"collection":[{"href":"https:\/\/eldiariodesanpedro.com.ar\/sitio\/wp-json\/wp\/v2\/posts"}],"about":[{"href":"https:\/\/eldiariodesanpedro.com.ar\/sitio\/wp-json\/wp\/v2\/types\/post"}],"author":[{"embeddable":true,"href":"https:\/\/eldiariodesanpedro.com.ar\/sitio\/wp-json\/wp\/v2\/users\/4"}],"replies":[{"embeddable":true,"href":"https:\/\/eldiariodesanpedro.com.ar\/sitio\/wp-json\/wp\/v2\/comments?post=2135"}],"version-history":[{"count":1,"href":"https:\/\/eldiariodesanpedro.com.ar\/sitio\/wp-json\/wp\/v2\/posts\/2135\/revisions"}],"predecessor-version":[{"id":2138,"href":"https:\/\/eldiariodesanpedro.com.ar\/sitio\/wp-json\/wp\/v2\/posts\/2135\/revisions\/2138"}],"wp:featuredmedia":[{"embeddable":true,"href":"https:\/\/eldiariodesanpedro.com.ar\/sitio\/wp-json\/wp\/v2\/media\/2137"}],"wp:attachment":[{"href":"https:\/\/eldiariodesanpedro.com.ar\/sitio\/wp-json\/wp\/v2\/media?parent=2135"}],"wp:term":[{"taxonomy":"category","embeddable":true,"href":"https:\/\/eldiariodesanpedro.com.ar\/sitio\/wp-json\/wp\/v2\/categories?post=2135"},{"taxonomy":"post_tag","embeddable":true,"href":"https:\/\/eldiariodesanpedro.com.ar\/sitio\/wp-json\/wp\/v2\/tags?post=2135"}],"curies":[{"name":"wp","href":"https:\/\/api.w.org\/{rel}","templated":true}]}}