{"id":2132,"date":"2016-03-01T09:35:35","date_gmt":"2016-03-01T12:35:35","guid":{"rendered":"http:\/\/www.eldiariodesanpedro.com.ar\/?p=2132"},"modified":"2016-03-01T09:35:35","modified_gmt":"2016-03-01T12:35:35","slug":"tras-allanamiento-por-drogas-en-su-casa-continuara-con-prision-domiciliaria","status":"publish","type":"post","link":"https:\/\/eldiariodesanpedro.com.ar\/sitio\/tras-allanamiento-por-drogas-en-su-casa-continuara-con-prision-domiciliaria\/","title":{"rendered":"Tras allanamiento por drogas en su casa, continuar\u00e1 con prisi\u00f3n domiciliaria"},"content":{"rendered":"<p><!-- VideographyWP Plugin Message: Automatic video embedding prevented by plugin options. --><br \/>\nLuego de la diligencia realizada la semana pasada en una vivienda de Beaumont al 500, la jueza de Garant\u00edas Dra. Mar\u00eda Laura Maiztegui determin\u00f3 la detenci\u00f3n de una persona de 46 a\u00f1os, identificada como Pedro Lineros, por presunta venta de estupefacientes.<br \/>\nCabe recordar que, en el procedimiento realizado por personal policial de la comisar\u00eda juntamente con efectivos D.D.I., se secuestraron 280 gramos de marihuana compactada, envoltorios de nylon y otros elementos que aportan a la causa.<br \/>\nEn tanto que Lineros cumpl\u00eda en ese domicilio un arresto domiciliario, acusado de asesinar de una pu\u00f1alada a Gast\u00f3n \u201cChizito\u201d Cabrera, en el a\u00f1o 2014.<br \/>\nSeg\u00fan se pudo establecer, la Justicia determin\u00f3 que cumplimentara el proceso que llevaba a cabo, por lo que ya se encuentra en su vivienda. Sin embargo, continuar\u00e1 ligado al proceso en su contra hasta que se determine su culpabilidad o no.<\/p>\n","protected":false},"excerpt":{"rendered":"<p>Luego de la diligencia realizada la semana pasada en una vivienda de Beaumont al 500, la jueza de Garant\u00edas Dra. Mar\u00eda Laura Maiztegui determin\u00f3 la detenci\u00f3n de una persona de 46 a\u00f1os, identificada como Pedro Lineros, por presunta venta de estupefacientes. Cabe recordar que, en el procedimiento realizado por personal policial de la comisar\u00eda juntamente [&hellip;]<\/p>\n","protected":false},"author":4,"featured_media":1955,"comment_status":"open","ping_status":"closed","sticky":false,"template":"","format":"standard","meta":{"om_disable_all_campaigns":false,"_jetpack_memberships_contains_paid_content":false,"footnotes":""},"categories":[2,103],"tags":[],"class_list":["post-2132","post","type-post","status-publish","format-standard","has-post-thumbnail","hentry","category-locales","category-policiales-locales"],"aioseo_notices":[],"gutentor_comment":0,"jetpack_featured_media_url":"https:\/\/eldiariodesanpedro.com.ar\/sitio\/wp-content\/uploads\/2016\/02\/PAGINA-3.jpg","jetpack_shortlink":"https:\/\/wp.me\/p6RhLt-yo","jetpack_sharing_enabled":true,"_links":{"self":[{"href":"https:\/\/eldiariodesanpedro.com.ar\/sitio\/wp-json\/wp\/v2\/posts\/2132","targetHints":{"allow":["GET"]}}],"collection":[{"href":"https:\/\/eldiariodesanpedro.com.ar\/sitio\/wp-json\/wp\/v2\/posts"}],"about":[{"href":"https:\/\/eldiariodesanpedro.com.ar\/sitio\/wp-json\/wp\/v2\/types\/post"}],"author":[{"embeddable":true,"href":"https:\/\/eldiariodesanpedro.com.ar\/sitio\/wp-json\/wp\/v2\/users\/4"}],"replies":[{"embeddable":true,"href":"https:\/\/eldiariodesanpedro.com.ar\/sitio\/wp-json\/wp\/v2\/comments?post=2132"}],"version-history":[{"count":1,"href":"https:\/\/eldiariodesanpedro.com.ar\/sitio\/wp-json\/wp\/v2\/posts\/2132\/revisions"}],"predecessor-version":[{"id":2134,"href":"https:\/\/eldiariodesanpedro.com.ar\/sitio\/wp-json\/wp\/v2\/posts\/2132\/revisions\/2134"}],"wp:featuredmedia":[{"embeddable":true,"href":"https:\/\/eldiariodesanpedro.com.ar\/sitio\/wp-json\/wp\/v2\/media\/1955"}],"wp:attachment":[{"href":"https:\/\/eldiariodesanpedro.com.ar\/sitio\/wp-json\/wp\/v2\/media?parent=2132"}],"wp:term":[{"taxonomy":"category","embeddable":true,"href":"https:\/\/eldiariodesanpedro.com.ar\/sitio\/wp-json\/wp\/v2\/categories?post=2132"},{"taxonomy":"post_tag","embeddable":true,"href":"https:\/\/eldiariodesanpedro.com.ar\/sitio\/wp-json\/wp\/v2\/tags?post=2132"}],"curies":[{"name":"wp","href":"https:\/\/api.w.org\/{rel}","templated":true}]}}