{"id":2128,"date":"2016-03-01T09:33:48","date_gmt":"2016-03-01T12:33:48","guid":{"rendered":"http:\/\/www.eldiariodesanpedro.com.ar\/?p=2128"},"modified":"2016-03-01T09:33:48","modified_gmt":"2016-03-01T12:33:48","slug":"un-vehiculo-colisiono-contra-un-caballo","status":"publish","type":"post","link":"https:\/\/eldiariodesanpedro.com.ar\/sitio\/un-vehiculo-colisiono-contra-un-caballo\/","title":{"rendered":"Un veh\u00edculo colision\u00f3 contra un caballo"},"content":{"rendered":"<p><!-- VideographyWP Plugin Message: Automatic video embedding prevented by plugin options. --><br \/>\nEl domingo, alrededor de las 21.00, se produjo un accidente de tr\u00e1nsito a ra\u00edz de la presencia de animales sueltos en la v\u00eda p\u00fablica. En este caso, fue sobre el camino al Aeroclub, en el barrio Villa Jard\u00edn, donde es habitual ver caballos sueltos.<br \/>\nUn auto Chevrolet Meriva que circulaba por all\u00ed no advirti\u00f3 la presencia del animal y termin\u00f3 impact\u00e1ndolo de lleno. Debido al choque, el caballo cay\u00f3 muerto sobre el lateral del camino, mientras que el conductor del rodado no sufri\u00f3 lesiones.<br \/>\nDebido a las quejas de los vecinos, hasta el lugar lleg\u00f3 el director de Tr\u00e1nsito y Seguridad, Eduardo Roleri, para dialogar con los pobladores. Estos le manifestaron su malestar por la constante presencia de caballos sueltos.<\/p>\n","protected":false},"excerpt":{"rendered":"<p>El domingo, alrededor de las 21.00, se produjo un accidente de tr\u00e1nsito a ra\u00edz de la presencia de animales sueltos en la v\u00eda p\u00fablica. En este caso, fue sobre el camino al Aeroclub, en el barrio Villa Jard\u00edn, donde es habitual ver caballos sueltos. Un auto Chevrolet Meriva que circulaba por all\u00ed no advirti\u00f3 la [&hellip;]<\/p>\n","protected":false},"author":4,"featured_media":2130,"comment_status":"open","ping_status":"closed","sticky":false,"template":"","format":"standard","meta":{"om_disable_all_campaigns":false,"_jetpack_memberships_contains_paid_content":false,"footnotes":""},"categories":[50,101,2],"tags":[],"class_list":["post-2128","post","type-post","status-publish","format-standard","has-post-thumbnail","hentry","category-destacadas","category-interes-general-locales","category-locales"],"aioseo_notices":[],"gutentor_comment":0,"jetpack_featured_media_url":"https:\/\/eldiariodesanpedro.com.ar\/sitio\/wp-content\/uploads\/2016\/03\/PAGINA-3-02.jpg","jetpack_shortlink":"https:\/\/wp.me\/p6RhLt-yk","jetpack_sharing_enabled":true,"_links":{"self":[{"href":"https:\/\/eldiariodesanpedro.com.ar\/sitio\/wp-json\/wp\/v2\/posts\/2128","targetHints":{"allow":["GET"]}}],"collection":[{"href":"https:\/\/eldiariodesanpedro.com.ar\/sitio\/wp-json\/wp\/v2\/posts"}],"about":[{"href":"https:\/\/eldiariodesanpedro.com.ar\/sitio\/wp-json\/wp\/v2\/types\/post"}],"author":[{"embeddable":true,"href":"https:\/\/eldiariodesanpedro.com.ar\/sitio\/wp-json\/wp\/v2\/users\/4"}],"replies":[{"embeddable":true,"href":"https:\/\/eldiariodesanpedro.com.ar\/sitio\/wp-json\/wp\/v2\/comments?post=2128"}],"version-history":[{"count":1,"href":"https:\/\/eldiariodesanpedro.com.ar\/sitio\/wp-json\/wp\/v2\/posts\/2128\/revisions"}],"predecessor-version":[{"id":2131,"href":"https:\/\/eldiariodesanpedro.com.ar\/sitio\/wp-json\/wp\/v2\/posts\/2128\/revisions\/2131"}],"wp:featuredmedia":[{"embeddable":true,"href":"https:\/\/eldiariodesanpedro.com.ar\/sitio\/wp-json\/wp\/v2\/media\/2130"}],"wp:attachment":[{"href":"https:\/\/eldiariodesanpedro.com.ar\/sitio\/wp-json\/wp\/v2\/media?parent=2128"}],"wp:term":[{"taxonomy":"category","embeddable":true,"href":"https:\/\/eldiariodesanpedro.com.ar\/sitio\/wp-json\/wp\/v2\/categories?post=2128"},{"taxonomy":"post_tag","embeddable":true,"href":"https:\/\/eldiariodesanpedro.com.ar\/sitio\/wp-json\/wp\/v2\/tags?post=2128"}],"curies":[{"name":"wp","href":"https:\/\/api.w.org\/{rel}","templated":true}]}}