{"id":2124,"date":"2016-03-01T09:31:10","date_gmt":"2016-03-01T12:31:10","guid":{"rendered":"http:\/\/www.eldiariodesanpedro.com.ar\/?p=2124"},"modified":"2016-03-01T09:31:10","modified_gmt":"2016-03-01T12:31:10","slug":"una-vivienda-fue-destruida-por-un-incendio-en-bajo-cementerio","status":"publish","type":"post","link":"https:\/\/eldiariodesanpedro.com.ar\/sitio\/una-vivienda-fue-destruida-por-un-incendio-en-bajo-cementerio\/","title":{"rendered":"Una vivienda fue destruida por un incendio en Bajo Cementerio"},"content":{"rendered":"<p><!-- VideographyWP Plugin Message: Automatic video embedding prevented by plugin options. --><br \/>\nEl siniestro se produjo pasadas las 22.30 del domingo. La vivienda, emplazada en la barranca, fue devastada por las llamas que r\u00e1pidamente consumieron todo a su paso.<br \/>\nDos dotaciones del cuerpo de Bomberos Voluntarios debieron intervenir para sofocar el fuego que se propagaba de forma generalizada por la propiedad.<br \/>\nA pesar de la gravedad del hecho, no hubo que lamentar ninguna v\u00edctima, por lo que no se requiri\u00f3 asistencia del Servicio de Emergencias 107 de la guardia del Hospital.<br \/>\nEn tanto, personal policial, perteneciente a la comisar\u00eda, arrib\u00f3 al lugar para establecer lo sucedido. Se deber\u00e1 determinar ahora si se trat\u00f3 de un accidente o si fue de car\u00e1cter intencional.<\/p>\n","protected":false},"excerpt":{"rendered":"<p>El siniestro se produjo pasadas las 22.30 del domingo. La vivienda, emplazada en la barranca, fue devastada por las llamas que r\u00e1pidamente consumieron todo a su paso. Dos dotaciones del cuerpo de Bomberos Voluntarios debieron intervenir para sofocar el fuego que se propagaba de forma generalizada por la propiedad. A pesar de la gravedad del [&hellip;]<\/p>\n","protected":false},"author":4,"featured_media":2126,"comment_status":"open","ping_status":"closed","sticky":false,"template":"","format":"standard","meta":{"om_disable_all_campaigns":false,"_jetpack_memberships_contains_paid_content":false,"footnotes":""},"categories":[50,2,103],"tags":[],"class_list":["post-2124","post","type-post","status-publish","format-standard","has-post-thumbnail","hentry","category-destacadas","category-locales","category-policiales-locales"],"aioseo_notices":[],"gutentor_comment":0,"jetpack_featured_media_url":"https:\/\/eldiariodesanpedro.com.ar\/sitio\/wp-content\/uploads\/2016\/03\/incendio.jpg","jetpack_shortlink":"https:\/\/wp.me\/p6RhLt-yg","jetpack_sharing_enabled":true,"_links":{"self":[{"href":"https:\/\/eldiariodesanpedro.com.ar\/sitio\/wp-json\/wp\/v2\/posts\/2124","targetHints":{"allow":["GET"]}}],"collection":[{"href":"https:\/\/eldiariodesanpedro.com.ar\/sitio\/wp-json\/wp\/v2\/posts"}],"about":[{"href":"https:\/\/eldiariodesanpedro.com.ar\/sitio\/wp-json\/wp\/v2\/types\/post"}],"author":[{"embeddable":true,"href":"https:\/\/eldiariodesanpedro.com.ar\/sitio\/wp-json\/wp\/v2\/users\/4"}],"replies":[{"embeddable":true,"href":"https:\/\/eldiariodesanpedro.com.ar\/sitio\/wp-json\/wp\/v2\/comments?post=2124"}],"version-history":[{"count":1,"href":"https:\/\/eldiariodesanpedro.com.ar\/sitio\/wp-json\/wp\/v2\/posts\/2124\/revisions"}],"predecessor-version":[{"id":2127,"href":"https:\/\/eldiariodesanpedro.com.ar\/sitio\/wp-json\/wp\/v2\/posts\/2124\/revisions\/2127"}],"wp:featuredmedia":[{"embeddable":true,"href":"https:\/\/eldiariodesanpedro.com.ar\/sitio\/wp-json\/wp\/v2\/media\/2126"}],"wp:attachment":[{"href":"https:\/\/eldiariodesanpedro.com.ar\/sitio\/wp-json\/wp\/v2\/media?parent=2124"}],"wp:term":[{"taxonomy":"category","embeddable":true,"href":"https:\/\/eldiariodesanpedro.com.ar\/sitio\/wp-json\/wp\/v2\/categories?post=2124"},{"taxonomy":"post_tag","embeddable":true,"href":"https:\/\/eldiariodesanpedro.com.ar\/sitio\/wp-json\/wp\/v2\/tags?post=2124"}],"curies":[{"name":"wp","href":"https:\/\/api.w.org\/{rel}","templated":true}]}}