{"id":2107,"date":"2016-02-29T13:09:49","date_gmt":"2016-02-29T16:09:49","guid":{"rendered":"http:\/\/www.eldiariodesanpedro.com.ar\/?p=2107"},"modified":"2026-01-24T00:39:14","modified_gmt":"2026-01-24T03:39:14","slug":"festival-del-verano-2016","status":"publish","type":"post","link":"https:\/\/eldiariodesanpedro.com.ar\/sitio\/festival-del-verano-2016\/","title":{"rendered":"Fiesta del Verano 2016"},"content":{"rendered":"<p><!-- VideographyWP Plugin Message: Automatic video embedding prevented by plugin options. --><br \/>\nSe llev\u00f3 a cabo en la noche de ayer, el Festival del Verano, tan esperado para muchos con m\u00e1s de dos mil personas un marco pobre de p\u00fablico para semejante evento, una gran cantidad de grupos de renombre nacional se presentaron sobre el escenario.<br \/>\nEn primer lugar se present\u00f3 el grupo Cumbias Nenas, quien a pesar de no traer sus dos vocalistas con una sola alcanz\u00f3 porque la gente core\u00f3 las canciones al ritmo de la banda. Luego el evento continu\u00f3 con la presentaci\u00f3n de \u201cTu Pap\u00e1\u201d, quien realmente sorprendi\u00f3 con su gran repertorio y su puesta en escena. Seguidamente fue el turno de una de las bandas m\u00e1s esperadas Bel\u00e9n y Agapornis que con su dulce voz y sus canciones tradicionales hizo bailar a todos. M\u00e1s tarde fue el turno de uno de los m\u00e1s esperados de la noche \u201cEl Polaco\u201d quien realmente tiene una gran trayectoria en el medio tropical y sus canci\u00f3n son reconocidos por todos, siguiendo con el show fue el turno de \u201cLa Champions Liga\u201d quien con mucha humildad hizo brillar el escenario y por \u00faltimo como cierre del evento se present\u00f3 una de las bandas del momento el grupo uruguayo \u201cRC Band\u201d quien le dio una final de gran nivel.<br \/>\nCabe destacar que a pesar de ser una noche calidad ideal para el evento, de ser seis grupos de gran nivel a un costo relativamente econ\u00f3mico, tuvo una mucho menor concurrencia de p\u00fablico de lo esperado, teniendo en cuenta que cuando uno de estos grupos vienen a nuestra ciudad a una discoteca cobran alrededor de $60 y en este evento el precio anticipada fue solo de $100, una lastima para los organizadores de La Liga Deportiva.<\/p>\n<h2>CUMBIA NENAS<br \/>\n<img decoding=\"async\" data-attachment-id=\"2110\" data-permalink=\"https:\/\/eldiariodesanpedro.com.ar\/sitio\/festival-del-verano-2016\/dsc05943\/\" data-orig-file=\"https:\/\/eldiariodesanpedro.com.ar\/sitio\/wp-content\/uploads\/2016\/02\/DSC05943.jpg\" data-orig-size=\"1920,1080\" data-comments-opened=\"1\" data-image-meta=\"{&quot;aperture&quot;:&quot;3.5&quot;,&quot;credit&quot;:&quot;&quot;,&quot;camera&quot;:&quot;DSC-H50&quot;,&quot;caption&quot;:&quot;&quot;,&quot;created_timestamp&quot;:&quot;1456692772&quot;,&quot;copyright&quot;:&quot;&quot;,&quot;focal_length&quot;:&quot;24.1&quot;,&quot;iso&quot;:&quot;400&quot;,&quot;shutter_speed&quot;:&quot;0.066666666666667&quot;,&quot;title&quot;:&quot;&quot;,&quot;orientation&quot;:&quot;1&quot;}\" data-image-title=\"DSC05943\" data-image-description=\"\" data-image-caption=\"\" data-large-file=\"https:\/\/eldiariodesanpedro.com.ar\/sitio\/wp-content\/uploads\/2016\/02\/DSC05943-1024x576.jpg\" class=\"alignnone size-full wp-image-2110 lazyload\" data-src=\"https:\/\/eldiariodesanpedro.com.ar\/sitio\/wp-content\/uploads\/2016\/02\/DSC05943.jpg\" alt=\"DSC05943\" width=\"1920\" height=\"1080\" data-srcset=\"https:\/\/eldiariodesanpedro.com.ar\/sitio\/wp-content\/uploads\/2016\/02\/DSC05943.jpg 1920w, https:\/\/eldiariodesanpedro.com.ar\/sitio\/wp-content\/uploads\/2016\/02\/DSC05943-300x169.jpg 300w, https:\/\/eldiariodesanpedro.com.ar\/sitio\/wp-content\/uploads\/2016\/02\/DSC05943-768x432.jpg 768w, https:\/\/eldiariodesanpedro.com.ar\/sitio\/wp-content\/uploads\/2016\/02\/DSC05943-1024x576.jpg 1024w\" data-sizes=\"(max-width: 1920px) 100vw, 1920px\" src=\"data:image\/svg+xml;base64,PHN2ZyB3aWR0aD0iMSIgaGVpZ2h0PSIxIiB4bWxucz0iaHR0cDovL3d3dy53My5vcmcvMjAwMC9zdmciPjwvc3ZnPg==\" style=\"--smush-placeholder-width: 1920px; --smush-placeholder-aspect-ratio: 1920\/1080;\" \/><\/h2>\n<h2>TU PAPA<br \/>\n<img decoding=\"async\" data-attachment-id=\"2111\" data-permalink=\"https:\/\/eldiariodesanpedro.com.ar\/sitio\/festival-del-verano-2016\/dsc06002\/\" data-orig-file=\"https:\/\/eldiariodesanpedro.com.ar\/sitio\/wp-content\/uploads\/2016\/02\/DSC06002.jpg\" data-orig-size=\"2304,3456\" data-comments-opened=\"1\" data-image-meta=\"{&quot;aperture&quot;:&quot;3.5&quot;,&quot;credit&quot;:&quot;&quot;,&quot;camera&quot;:&quot;DSC-H50&quot;,&quot;caption&quot;:&quot;&quot;,&quot;created_timestamp&quot;:&quot;1456696100&quot;,&quot;copyright&quot;:&quot;&quot;,&quot;focal_length&quot;:&quot;27&quot;,&quot;iso&quot;:&quot;320&quot;,&quot;shutter_speed&quot;:&quot;0.008&quot;,&quot;title&quot;:&quot;&quot;,&quot;orientation&quot;:&quot;8&quot;}\" data-image-title=\"DSC06002\" data-image-description=\"\" data-image-caption=\"\" data-large-file=\"https:\/\/eldiariodesanpedro.com.ar\/sitio\/wp-content\/uploads\/2016\/02\/DSC06002-683x1024.jpg\" class=\"alignnone size-full wp-image-2111 lazyload\" data-src=\"https:\/\/eldiariodesanpedro.com.ar\/sitio\/wp-content\/uploads\/2016\/02\/DSC06002.jpg\" alt=\"DSC06002\" width=\"2304\" height=\"3456\" data-srcset=\"https:\/\/eldiariodesanpedro.com.ar\/sitio\/wp-content\/uploads\/2016\/02\/DSC06002.jpg 2304w, https:\/\/eldiariodesanpedro.com.ar\/sitio\/wp-content\/uploads\/2016\/02\/DSC06002-200x300.jpg 200w, https:\/\/eldiariodesanpedro.com.ar\/sitio\/wp-content\/uploads\/2016\/02\/DSC06002-768x1152.jpg 768w, https:\/\/eldiariodesanpedro.com.ar\/sitio\/wp-content\/uploads\/2016\/02\/DSC06002-683x1024.jpg 683w, https:\/\/eldiariodesanpedro.com.ar\/sitio\/wp-content\/uploads\/2016\/02\/DSC06002-300x450.jpg 300w\" data-sizes=\"(max-width: 2304px) 100vw, 2304px\" src=\"data:image\/svg+xml;base64,PHN2ZyB3aWR0aD0iMSIgaGVpZ2h0PSIxIiB4bWxucz0iaHR0cDovL3d3dy53My5vcmcvMjAwMC9zdmciPjwvc3ZnPg==\" style=\"--smush-placeholder-width: 2304px; --smush-placeholder-aspect-ratio: 2304\/3456;\" \/><\/h2>\n<h2>BELEN Y AGAPORNIS<br \/>\n<img decoding=\"async\" data-attachment-id=\"2112\" data-permalink=\"https:\/\/eldiariodesanpedro.com.ar\/sitio\/festival-del-verano-2016\/dsc06031\/\" data-orig-file=\"https:\/\/eldiariodesanpedro.com.ar\/sitio\/wp-content\/uploads\/2016\/02\/DSC06031.jpg\" data-orig-size=\"3456,2304\" data-comments-opened=\"1\" data-image-meta=\"{&quot;aperture&quot;:&quot;3.5&quot;,&quot;credit&quot;:&quot;&quot;,&quot;camera&quot;:&quot;DSC-H50&quot;,&quot;caption&quot;:&quot;&quot;,&quot;created_timestamp&quot;:&quot;1456699301&quot;,&quot;copyright&quot;:&quot;&quot;,&quot;focal_length&quot;:&quot;30.1&quot;,&quot;iso&quot;:&quot;320&quot;,&quot;shutter_speed&quot;:&quot;0.008&quot;,&quot;title&quot;:&quot;&quot;,&quot;orientation&quot;:&quot;1&quot;}\" data-image-title=\"DSC06031\" data-image-description=\"\" data-image-caption=\"\" data-large-file=\"https:\/\/eldiariodesanpedro.com.ar\/sitio\/wp-content\/uploads\/2016\/02\/DSC06031-1024x683.jpg\" class=\"alignnone size-full wp-image-2112 lazyload\" data-src=\"https:\/\/eldiariodesanpedro.com.ar\/sitio\/wp-content\/uploads\/2016\/02\/DSC06031.jpg\" alt=\"DSC06031\" width=\"3456\" height=\"2304\" data-srcset=\"https:\/\/eldiariodesanpedro.com.ar\/sitio\/wp-content\/uploads\/2016\/02\/DSC06031.jpg 3456w, https:\/\/eldiariodesanpedro.com.ar\/sitio\/wp-content\/uploads\/2016\/02\/DSC06031-300x200.jpg 300w, https:\/\/eldiariodesanpedro.com.ar\/sitio\/wp-content\/uploads\/2016\/02\/DSC06031-768x512.jpg 768w, https:\/\/eldiariodesanpedro.com.ar\/sitio\/wp-content\/uploads\/2016\/02\/DSC06031-1024x683.jpg 1024w\" data-sizes=\"(max-width: 3456px) 100vw, 3456px\" src=\"data:image\/svg+xml;base64,PHN2ZyB3aWR0aD0iMSIgaGVpZ2h0PSIxIiB4bWxucz0iaHR0cDovL3d3dy53My5vcmcvMjAwMC9zdmciPjwvc3ZnPg==\" style=\"--smush-placeholder-width: 3456px; --smush-placeholder-aspect-ratio: 3456\/2304;\" \/><\/h2>\n<h2>EL POLACO<br \/>\n<img decoding=\"async\" data-attachment-id=\"2113\" data-permalink=\"https:\/\/eldiariodesanpedro.com.ar\/sitio\/festival-del-verano-2016\/dsc06056\/\" data-orig-file=\"https:\/\/eldiariodesanpedro.com.ar\/sitio\/wp-content\/uploads\/2016\/02\/DSC06056.jpg\" data-orig-size=\"3456,2304\" data-comments-opened=\"1\" data-image-meta=\"{&quot;aperture&quot;:&quot;3.2&quot;,&quot;credit&quot;:&quot;&quot;,&quot;camera&quot;:&quot;DSC-H50&quot;,&quot;caption&quot;:&quot;&quot;,&quot;created_timestamp&quot;:&quot;1456700756&quot;,&quot;copyright&quot;:&quot;&quot;,&quot;focal_length&quot;:&quot;13.3&quot;,&quot;iso&quot;:&quot;320&quot;,&quot;shutter_speed&quot;:&quot;0.0125&quot;,&quot;title&quot;:&quot;&quot;,&quot;orientation&quot;:&quot;1&quot;}\" data-image-title=\"DSC06056\" data-image-description=\"\" data-image-caption=\"\" data-large-file=\"https:\/\/eldiariodesanpedro.com.ar\/sitio\/wp-content\/uploads\/2016\/02\/DSC06056-1024x683.jpg\" class=\"alignnone size-full wp-image-2113 lazyload\" data-src=\"https:\/\/eldiariodesanpedro.com.ar\/sitio\/wp-content\/uploads\/2016\/02\/DSC06056.jpg\" alt=\"DSC06056\" width=\"3456\" height=\"2304\" data-srcset=\"https:\/\/eldiariodesanpedro.com.ar\/sitio\/wp-content\/uploads\/2016\/02\/DSC06056.jpg 3456w, https:\/\/eldiariodesanpedro.com.ar\/sitio\/wp-content\/uploads\/2016\/02\/DSC06056-300x200.jpg 300w, https:\/\/eldiariodesanpedro.com.ar\/sitio\/wp-content\/uploads\/2016\/02\/DSC06056-768x512.jpg 768w, https:\/\/eldiariodesanpedro.com.ar\/sitio\/wp-content\/uploads\/2016\/02\/DSC06056-1024x683.jpg 1024w\" data-sizes=\"(max-width: 3456px) 100vw, 3456px\" src=\"data:image\/svg+xml;base64,PHN2ZyB3aWR0aD0iMSIgaGVpZ2h0PSIxIiB4bWxucz0iaHR0cDovL3d3dy53My5vcmcvMjAwMC9zdmciPjwvc3ZnPg==\" style=\"--smush-placeholder-width: 3456px; --smush-placeholder-aspect-ratio: 3456\/2304;\" \/><\/h2>\n<h2>LA CHAMPIONS LIGA<br \/>\n<img decoding=\"async\" data-attachment-id=\"2114\" data-permalink=\"https:\/\/eldiariodesanpedro.com.ar\/sitio\/festival-del-verano-2016\/dsc06087\/\" data-orig-file=\"https:\/\/eldiariodesanpedro.com.ar\/sitio\/wp-content\/uploads\/2016\/02\/DSC06087.jpg\" data-orig-size=\"2304,3456\" data-comments-opened=\"1\" data-image-meta=\"{&quot;aperture&quot;:&quot;3.2&quot;,&quot;credit&quot;:&quot;&quot;,&quot;camera&quot;:&quot;DSC-H50&quot;,&quot;caption&quot;:&quot;&quot;,&quot;created_timestamp&quot;:&quot;1456702906&quot;,&quot;copyright&quot;:&quot;&quot;,&quot;focal_length&quot;:&quot;17.4&quot;,&quot;iso&quot;:&quot;400&quot;,&quot;shutter_speed&quot;:&quot;0.008&quot;,&quot;title&quot;:&quot;&quot;,&quot;orientation&quot;:&quot;8&quot;}\" data-image-title=\"DSC06087\" data-image-description=\"\" data-image-caption=\"\" data-large-file=\"https:\/\/eldiariodesanpedro.com.ar\/sitio\/wp-content\/uploads\/2016\/02\/DSC06087-683x1024.jpg\" class=\"alignnone size-full wp-image-2114 lazyload\" data-src=\"https:\/\/eldiariodesanpedro.com.ar\/sitio\/wp-content\/uploads\/2016\/02\/DSC06087.jpg\" alt=\"DSC06087\" width=\"2304\" height=\"3456\" data-srcset=\"https:\/\/eldiariodesanpedro.com.ar\/sitio\/wp-content\/uploads\/2016\/02\/DSC06087.jpg 2304w, https:\/\/eldiariodesanpedro.com.ar\/sitio\/wp-content\/uploads\/2016\/02\/DSC06087-200x300.jpg 200w, https:\/\/eldiariodesanpedro.com.ar\/sitio\/wp-content\/uploads\/2016\/02\/DSC06087-768x1152.jpg 768w, https:\/\/eldiariodesanpedro.com.ar\/sitio\/wp-content\/uploads\/2016\/02\/DSC06087-683x1024.jpg 683w, https:\/\/eldiariodesanpedro.com.ar\/sitio\/wp-content\/uploads\/2016\/02\/DSC06087-300x450.jpg 300w\" data-sizes=\"(max-width: 2304px) 100vw, 2304px\" src=\"data:image\/svg+xml;base64,PHN2ZyB3aWR0aD0iMSIgaGVpZ2h0PSIxIiB4bWxucz0iaHR0cDovL3d3dy53My5vcmcvMjAwMC9zdmciPjwvc3ZnPg==\" style=\"--smush-placeholder-width: 2304px; --smush-placeholder-aspect-ratio: 2304\/3456;\" \/><\/h2>\n<p><img decoding=\"async\" data-attachment-id=\"2115\" data-permalink=\"https:\/\/eldiariodesanpedro.com.ar\/sitio\/festival-del-verano-2016\/dsc06093\/\" data-orig-file=\"https:\/\/eldiariodesanpedro.com.ar\/sitio\/wp-content\/uploads\/2016\/02\/DSC06093.jpg\" data-orig-size=\"3456,2304\" data-comments-opened=\"1\" data-image-meta=\"{&quot;aperture&quot;:&quot;3.2&quot;,&quot;credit&quot;:&quot;&quot;,&quot;camera&quot;:&quot;DSC-H50&quot;,&quot;caption&quot;:&quot;&quot;,&quot;created_timestamp&quot;:&quot;1456703212&quot;,&quot;copyright&quot;:&quot;&quot;,&quot;focal_length&quot;:&quot;16.4&quot;,&quot;iso&quot;:&quot;400&quot;,&quot;shutter_speed&quot;:&quot;0.01&quot;,&quot;title&quot;:&quot;&quot;,&quot;orientation&quot;:&quot;1&quot;}\" data-image-title=\"DSC06093\" data-image-description=\"\" data-image-caption=\"\" data-large-file=\"https:\/\/eldiariodesanpedro.com.ar\/sitio\/wp-content\/uploads\/2016\/02\/DSC06093-1024x683.jpg\" class=\"alignnone size-full wp-image-2115 lazyload\" data-src=\"https:\/\/eldiariodesanpedro.com.ar\/sitio\/wp-content\/uploads\/2016\/02\/DSC06093.jpg\" alt=\"DSC06093\" width=\"3456\" height=\"2304\" data-srcset=\"https:\/\/eldiariodesanpedro.com.ar\/sitio\/wp-content\/uploads\/2016\/02\/DSC06093.jpg 3456w, https:\/\/eldiariodesanpedro.com.ar\/sitio\/wp-content\/uploads\/2016\/02\/DSC06093-300x200.jpg 300w, https:\/\/eldiariodesanpedro.com.ar\/sitio\/wp-content\/uploads\/2016\/02\/DSC06093-768x512.jpg 768w, https:\/\/eldiariodesanpedro.com.ar\/sitio\/wp-content\/uploads\/2016\/02\/DSC06093-1024x683.jpg 1024w\" data-sizes=\"(max-width: 3456px) 100vw, 3456px\" src=\"data:image\/svg+xml;base64,PHN2ZyB3aWR0aD0iMSIgaGVpZ2h0PSIxIiB4bWxucz0iaHR0cDovL3d3dy53My5vcmcvMjAwMC9zdmciPjwvc3ZnPg==\" style=\"--smush-placeholder-width: 3456px; --smush-placeholder-aspect-ratio: 3456\/2304;\" \/><\/p>\n<h2>RC BAND<br \/>\n<img decoding=\"async\" data-attachment-id=\"2117\" data-permalink=\"https:\/\/eldiariodesanpedro.com.ar\/sitio\/festival-del-verano-2016\/dsc06125\/\" data-orig-file=\"https:\/\/eldiariodesanpedro.com.ar\/sitio\/wp-content\/uploads\/2016\/02\/DSC06125.jpg\" data-orig-size=\"3456,2304\" data-comments-opened=\"1\" data-image-meta=\"{&quot;aperture&quot;:&quot;4&quot;,&quot;credit&quot;:&quot;&quot;,&quot;camera&quot;:&quot;DSC-H50&quot;,&quot;caption&quot;:&quot;&quot;,&quot;created_timestamp&quot;:&quot;1456707213&quot;,&quot;copyright&quot;:&quot;&quot;,&quot;focal_length&quot;:&quot;36.8&quot;,&quot;iso&quot;:&quot;400&quot;,&quot;shutter_speed&quot;:&quot;0.0125&quot;,&quot;title&quot;:&quot;&quot;,&quot;orientation&quot;:&quot;1&quot;}\" data-image-title=\"DSC06125\" data-image-description=\"\" data-image-caption=\"\" data-large-file=\"https:\/\/eldiariodesanpedro.com.ar\/sitio\/wp-content\/uploads\/2016\/02\/DSC06125-1024x683.jpg\" class=\"alignnone size-full wp-image-2117 lazyload\" data-src=\"https:\/\/eldiariodesanpedro.com.ar\/sitio\/wp-content\/uploads\/2016\/02\/DSC06125.jpg\" alt=\"DSC06125\" width=\"3456\" height=\"2304\" data-srcset=\"https:\/\/eldiariodesanpedro.com.ar\/sitio\/wp-content\/uploads\/2016\/02\/DSC06125.jpg 3456w, https:\/\/eldiariodesanpedro.com.ar\/sitio\/wp-content\/uploads\/2016\/02\/DSC06125-300x200.jpg 300w, https:\/\/eldiariodesanpedro.com.ar\/sitio\/wp-content\/uploads\/2016\/02\/DSC06125-768x512.jpg 768w, https:\/\/eldiariodesanpedro.com.ar\/sitio\/wp-content\/uploads\/2016\/02\/DSC06125-1024x683.jpg 1024w\" data-sizes=\"(max-width: 3456px) 100vw, 3456px\" src=\"data:image\/svg+xml;base64,PHN2ZyB3aWR0aD0iMSIgaGVpZ2h0PSIxIiB4bWxucz0iaHR0cDovL3d3dy53My5vcmcvMjAwMC9zdmciPjwvc3ZnPg==\" style=\"--smush-placeholder-width: 3456px; --smush-placeholder-aspect-ratio: 3456\/2304;\" \/><\/h2>\n<p><img decoding=\"async\" data-attachment-id=\"2116\" data-permalink=\"https:\/\/eldiariodesanpedro.com.ar\/sitio\/festival-del-verano-2016\/dsc06119\/\" data-orig-file=\"https:\/\/eldiariodesanpedro.com.ar\/sitio\/wp-content\/uploads\/2016\/02\/DSC06119.jpg\" data-orig-size=\"3456,2304\" data-comments-opened=\"1\" data-image-meta=\"{&quot;aperture&quot;:&quot;3.5&quot;,&quot;credit&quot;:&quot;&quot;,&quot;camera&quot;:&quot;DSC-H50&quot;,&quot;caption&quot;:&quot;&quot;,&quot;created_timestamp&quot;:&quot;1456706804&quot;,&quot;copyright&quot;:&quot;&quot;,&quot;focal_length&quot;:&quot;5.2&quot;,&quot;iso&quot;:&quot;100&quot;,&quot;shutter_speed&quot;:&quot;0.016666666666667&quot;,&quot;title&quot;:&quot;&quot;,&quot;orientation&quot;:&quot;1&quot;}\" data-image-title=\"DSC06119\" data-image-description=\"\" data-image-caption=\"\" data-large-file=\"https:\/\/eldiariodesanpedro.com.ar\/sitio\/wp-content\/uploads\/2016\/02\/DSC06119-1024x683.jpg\" class=\"alignnone size-full wp-image-2116 lazyload\" data-src=\"https:\/\/eldiariodesanpedro.com.ar\/sitio\/wp-content\/uploads\/2016\/02\/DSC06119.jpg\" alt=\"DSC06119\" width=\"3456\" height=\"2304\" data-srcset=\"https:\/\/eldiariodesanpedro.com.ar\/sitio\/wp-content\/uploads\/2016\/02\/DSC06119.jpg 3456w, https:\/\/eldiariodesanpedro.com.ar\/sitio\/wp-content\/uploads\/2016\/02\/DSC06119-300x200.jpg 300w, https:\/\/eldiariodesanpedro.com.ar\/sitio\/wp-content\/uploads\/2016\/02\/DSC06119-768x512.jpg 768w, https:\/\/eldiariodesanpedro.com.ar\/sitio\/wp-content\/uploads\/2016\/02\/DSC06119-1024x683.jpg 1024w\" data-sizes=\"(max-width: 3456px) 100vw, 3456px\" src=\"data:image\/svg+xml;base64,PHN2ZyB3aWR0aD0iMSIgaGVpZ2h0PSIxIiB4bWxucz0iaHR0cDovL3d3dy53My5vcmcvMjAwMC9zdmciPjwvc3ZnPg==\" style=\"--smush-placeholder-width: 3456px; --smush-placeholder-aspect-ratio: 3456\/2304;\" \/><\/p>\n","protected":false},"excerpt":{"rendered":"<p>Se llev\u00f3 a cabo en la noche de ayer, el Festival del Verano, tan esperado para muchos con m\u00e1s de dos mil personas un marco pobre de p\u00fablico para semejante evento, una gran cantidad de grupos de renombre nacional se presentaron sobre el escenario. En primer lugar se present\u00f3 el grupo Cumbias Nenas, quien a [&hellip;]<\/p>\n","protected":false},"author":4,"featured_media":2109,"comment_status":"open","ping_status":"closed","sticky":false,"template":"","format":"standard","meta":{"om_disable_all_campaigns":false,"_jetpack_memberships_contains_paid_content":false,"footnotes":""},"categories":[2],"tags":[],"class_list":["post-2107","post","type-post","status-publish","format-standard","has-post-thumbnail","hentry","category-locales"],"aioseo_notices":[],"gutentor_comment":0,"jetpack_featured_media_url":"https:\/\/eldiariodesanpedro.com.ar\/sitio\/wp-content\/uploads\/2016\/02\/DSC06062.jpg","jetpack_shortlink":"https:\/\/wp.me\/p6RhLt-xZ","jetpack_sharing_enabled":true,"_links":{"self":[{"href":"https:\/\/eldiariodesanpedro.com.ar\/sitio\/wp-json\/wp\/v2\/posts\/2107","targetHints":{"allow":["GET"]}}],"collection":[{"href":"https:\/\/eldiariodesanpedro.com.ar\/sitio\/wp-json\/wp\/v2\/posts"}],"about":[{"href":"https:\/\/eldiariodesanpedro.com.ar\/sitio\/wp-json\/wp\/v2\/types\/post"}],"author":[{"embeddable":true,"href":"https:\/\/eldiariodesanpedro.com.ar\/sitio\/wp-json\/wp\/v2\/users\/4"}],"replies":[{"embeddable":true,"href":"https:\/\/eldiariodesanpedro.com.ar\/sitio\/wp-json\/wp\/v2\/comments?post=2107"}],"version-history":[{"count":3,"href":"https:\/\/eldiariodesanpedro.com.ar\/sitio\/wp-json\/wp\/v2\/posts\/2107\/revisions"}],"predecessor-version":[{"id":2120,"href":"https:\/\/eldiariodesanpedro.com.ar\/sitio\/wp-json\/wp\/v2\/posts\/2107\/revisions\/2120"}],"wp:featuredmedia":[{"embeddable":true,"href":"https:\/\/eldiariodesanpedro.com.ar\/sitio\/wp-json\/wp\/v2\/media\/2109"}],"wp:attachment":[{"href":"https:\/\/eldiariodesanpedro.com.ar\/sitio\/wp-json\/wp\/v2\/media?parent=2107"}],"wp:term":[{"taxonomy":"category","embeddable":true,"href":"https:\/\/eldiariodesanpedro.com.ar\/sitio\/wp-json\/wp\/v2\/categories?post=2107"},{"taxonomy":"post_tag","embeddable":true,"href":"https:\/\/eldiariodesanpedro.com.ar\/sitio\/wp-json\/wp\/v2\/tags?post=2107"}],"curies":[{"name":"wp","href":"https:\/\/api.w.org\/{rel}","templated":true}]}}