{"id":2100,"date":"2016-02-27T11:40:46","date_gmt":"2016-02-27T14:40:46","guid":{"rendered":"http:\/\/www.eldiariodesanpedro.com.ar\/?p=2100"},"modified":"2016-03-03T19:09:57","modified_gmt":"2016-03-03T22:09:57","slug":"turista-sufre-un-accidente","status":"publish","type":"post","link":"https:\/\/eldiariodesanpedro.com.ar\/sitio\/turista-sufre-un-accidente\/","title":{"rendered":"Turista sufre un accidente"},"content":{"rendered":"<p><!-- VideographyWP Plugin Message: Automatic video embedding prevented by plugin options. --><br \/>\nEn 3 de Febrero y Salta<\/p>\n<p>Turista sufre un accidente<\/p>\n<p>En el d\u00eda de hoy alrededor de las 10:00 hs de la ma\u00f1ana, en la esquina de 3 de febrero y salta se produjo un nuevo accidente de tr\u00e1nsito para sumar a las estad\u00edsticas.<br \/>\nEl diario de san pedro hablo con el propietario del rodado siniestrado  oriundo de la ciudad de Pilar quien nos cont\u00f3: \u201ciba por la av. 3 de febrero y a la altura de salta se me cruzo como ven\u00eda una camioneta F 100 y me choco\u201c. Por suerte no hubo heridos de  gravedad, el mismo  iba acompa\u00f1ado por otro masculino y dos j\u00f3venes, una de ellas debi\u00f3 ser trasladada en remis por un golpe en su cabeza.<\/p>\n","protected":false},"excerpt":{"rendered":"<p>En 3 de Febrero y Salta Turista sufre un accidente En el d\u00eda de hoy alrededor de las 10:00 hs de la ma\u00f1ana, en la esquina de 3 de febrero y salta se produjo un nuevo accidente de tr\u00e1nsito para sumar a las estad\u00edsticas. El diario de san pedro hablo con el propietario del rodado [&hellip;]<\/p>\n","protected":false},"author":4,"featured_media":2102,"comment_status":"open","ping_status":"closed","sticky":false,"template":"","format":"standard","meta":{"om_disable_all_campaigns":false,"_jetpack_memberships_contains_paid_content":false,"footnotes":""},"categories":[50,2,103],"tags":[],"class_list":["post-2100","post","type-post","status-publish","format-standard","has-post-thumbnail","hentry","category-destacadas","category-locales","category-policiales-locales"],"aioseo_notices":[],"gutentor_comment":0,"jetpack_featured_media_url":"https:\/\/eldiariodesanpedro.com.ar\/sitio\/wp-content\/uploads\/2016\/02\/auto-chocado-27-02.jpg","jetpack_shortlink":"https:\/\/wp.me\/p6RhLt-xS","jetpack_sharing_enabled":true,"_links":{"self":[{"href":"https:\/\/eldiariodesanpedro.com.ar\/sitio\/wp-json\/wp\/v2\/posts\/2100","targetHints":{"allow":["GET"]}}],"collection":[{"href":"https:\/\/eldiariodesanpedro.com.ar\/sitio\/wp-json\/wp\/v2\/posts"}],"about":[{"href":"https:\/\/eldiariodesanpedro.com.ar\/sitio\/wp-json\/wp\/v2\/types\/post"}],"author":[{"embeddable":true,"href":"https:\/\/eldiariodesanpedro.com.ar\/sitio\/wp-json\/wp\/v2\/users\/4"}],"replies":[{"embeddable":true,"href":"https:\/\/eldiariodesanpedro.com.ar\/sitio\/wp-json\/wp\/v2\/comments?post=2100"}],"version-history":[{"count":3,"href":"https:\/\/eldiariodesanpedro.com.ar\/sitio\/wp-json\/wp\/v2\/posts\/2100\/revisions"}],"predecessor-version":[{"id":2105,"href":"https:\/\/eldiariodesanpedro.com.ar\/sitio\/wp-json\/wp\/v2\/posts\/2100\/revisions\/2105"}],"wp:featuredmedia":[{"embeddable":true,"href":"https:\/\/eldiariodesanpedro.com.ar\/sitio\/wp-json\/wp\/v2\/media\/2102"}],"wp:attachment":[{"href":"https:\/\/eldiariodesanpedro.com.ar\/sitio\/wp-json\/wp\/v2\/media?parent=2100"}],"wp:term":[{"taxonomy":"category","embeddable":true,"href":"https:\/\/eldiariodesanpedro.com.ar\/sitio\/wp-json\/wp\/v2\/categories?post=2100"},{"taxonomy":"post_tag","embeddable":true,"href":"https:\/\/eldiariodesanpedro.com.ar\/sitio\/wp-json\/wp\/v2\/tags?post=2100"}],"curies":[{"name":"wp","href":"https:\/\/api.w.org\/{rel}","templated":true}]}}