{"id":2095,"date":"2016-02-26T21:21:23","date_gmt":"2016-02-27T00:21:23","guid":{"rendered":"http:\/\/www.eldiariodesanpedro.com.ar\/?p=2095"},"modified":"2016-02-26T21:21:23","modified_gmt":"2016-02-27T00:21:23","slug":"un-detenido-en-procedimiento","status":"publish","type":"post","link":"https:\/\/eldiariodesanpedro.com.ar\/sitio\/un-detenido-en-procedimiento\/","title":{"rendered":"Un detenido en procedimiento"},"content":{"rendered":"<p><!-- VideographyWP Plugin Message: Automatic video embedding prevented by plugin options. --><br \/>\nEn el dia de hoy promediando las 06:00 hs el personal policial  se dirigio a calle Miguel Porta y Saavedra donde procedio a la aprehenci\u00f3n de joven de 18 a\u00f1os de edad, secuestr\u00e1ndose en poder de este un compresor, una bicicleta y cables que habia sustraido de un domicilio ubicado en calle Miguel Porta al 500 , lugar al que accedi\u00f3 previo escalar tapial. Se dio intervenci\u00f3n UFI nro. 11 San pedro   <\/p>\n","protected":false},"excerpt":{"rendered":"<p>En el dia de hoy promediando las 06:00 hs el personal policial se dirigio a calle Miguel Porta y Saavedra donde procedio a la aprehenci\u00f3n de joven de 18 a\u00f1os de edad, secuestr\u00e1ndose en poder de este un compresor, una bicicleta y cables que habia sustraido de un domicilio ubicado en calle Miguel Porta al [&hellip;]<\/p>\n","protected":false},"author":4,"featured_media":2097,"comment_status":"open","ping_status":"closed","sticky":false,"template":"","format":"standard","meta":{"om_disable_all_campaigns":false,"_jetpack_memberships_contains_paid_content":false,"footnotes":""},"categories":[2,103],"tags":[],"class_list":["post-2095","post","type-post","status-publish","format-standard","has-post-thumbnail","hentry","category-locales","category-policiales-locales"],"aioseo_notices":[],"gutentor_comment":0,"jetpack_featured_media_url":"https:\/\/eldiariodesanpedro.com.ar\/sitio\/wp-content\/uploads\/2016\/02\/0008743109.jpg","jetpack_shortlink":"https:\/\/wp.me\/p6RhLt-xN","jetpack_sharing_enabled":true,"_links":{"self":[{"href":"https:\/\/eldiariodesanpedro.com.ar\/sitio\/wp-json\/wp\/v2\/posts\/2095","targetHints":{"allow":["GET"]}}],"collection":[{"href":"https:\/\/eldiariodesanpedro.com.ar\/sitio\/wp-json\/wp\/v2\/posts"}],"about":[{"href":"https:\/\/eldiariodesanpedro.com.ar\/sitio\/wp-json\/wp\/v2\/types\/post"}],"author":[{"embeddable":true,"href":"https:\/\/eldiariodesanpedro.com.ar\/sitio\/wp-json\/wp\/v2\/users\/4"}],"replies":[{"embeddable":true,"href":"https:\/\/eldiariodesanpedro.com.ar\/sitio\/wp-json\/wp\/v2\/comments?post=2095"}],"version-history":[{"count":1,"href":"https:\/\/eldiariodesanpedro.com.ar\/sitio\/wp-json\/wp\/v2\/posts\/2095\/revisions"}],"predecessor-version":[{"id":2098,"href":"https:\/\/eldiariodesanpedro.com.ar\/sitio\/wp-json\/wp\/v2\/posts\/2095\/revisions\/2098"}],"wp:featuredmedia":[{"embeddable":true,"href":"https:\/\/eldiariodesanpedro.com.ar\/sitio\/wp-json\/wp\/v2\/media\/2097"}],"wp:attachment":[{"href":"https:\/\/eldiariodesanpedro.com.ar\/sitio\/wp-json\/wp\/v2\/media?parent=2095"}],"wp:term":[{"taxonomy":"category","embeddable":true,"href":"https:\/\/eldiariodesanpedro.com.ar\/sitio\/wp-json\/wp\/v2\/categories?post=2095"},{"taxonomy":"post_tag","embeddable":true,"href":"https:\/\/eldiariodesanpedro.com.ar\/sitio\/wp-json\/wp\/v2\/tags?post=2095"}],"curies":[{"name":"wp","href":"https:\/\/api.w.org\/{rel}","templated":true}]}}