{"id":2087,"date":"2016-02-26T21:15:58","date_gmt":"2016-02-27T00:15:58","guid":{"rendered":"http:\/\/www.eldiariodesanpedro.com.ar\/?p=2087"},"modified":"2016-02-26T21:47:55","modified_gmt":"2016-02-27T00:47:55","slug":"una-discucion-de-dos-mujeres-termino-con-una-apunalada","status":"publish","type":"post","link":"https:\/\/eldiariodesanpedro.com.ar\/sitio\/una-discucion-de-dos-mujeres-termino-con-una-apunalada\/","title":{"rendered":"Una discucion de dos mujeres termino con una apu\u00f1alada"},"content":{"rendered":"<p><!-- VideographyWP Plugin Message: Automatic video embedding prevented by plugin options. --><br \/>\nAyer horas de la noche se tomo conocimiento de ingreso al Hospital local de Femenina de 40 a\u00f1os de edad, con herida en arma blanca en zona abdominal. Tras recepcionarle testimonio refirio que instantes antes estaba en su domicilio en calle Lavalle al 1700,  cuando llega al lugar una femenina mayor de edad, a la cual conoce solo de vista y quien tras peque\u00f1a discusi\u00f3n mantenida entre ambas,  donde la acusaba de salir con su esposo, esta la corta en el rostro con un cuchillo y luego le aplica un puntazo en zona abdominal. Examinada por el medico de policia ditactamino herida cortante en pomulo y herida punzo cortante en region costal izquierda de car\u00e1cter leve sin compromiso de organos vitales. Se dio intervenci\u00f3n UFI nro. 7 San Pedro de donde se dispuso la identificaci\u00f3n de la agresora.<\/p>\n","protected":false},"excerpt":{"rendered":"<p>Ayer horas de la noche se tomo conocimiento de ingreso al Hospital local de Femenina de 40 a\u00f1os de edad, con herida en arma blanca en zona abdominal. Tras recepcionarle testimonio refirio que instantes antes estaba en su domicilio en calle Lavalle al 1700, cuando llega al lugar una femenina mayor de edad, a la [&hellip;]<\/p>\n","protected":false},"author":4,"featured_media":2099,"comment_status":"open","ping_status":"closed","sticky":false,"template":"","format":"standard","meta":{"om_disable_all_campaigns":false,"_jetpack_memberships_contains_paid_content":false,"footnotes":""},"categories":[50,2,103],"tags":[],"class_list":["post-2087","post","type-post","status-publish","format-standard","has-post-thumbnail","hentry","category-destacadas","category-locales","category-policiales-locales"],"aioseo_notices":[],"gutentor_comment":0,"jetpack_featured_media_url":"https:\/\/eldiariodesanpedro.com.ar\/sitio\/wp-content\/uploads\/2016\/02\/cuchillo_sombra-1.jpg","jetpack_shortlink":"https:\/\/wp.me\/p6RhLt-xF","jetpack_sharing_enabled":true,"_links":{"self":[{"href":"https:\/\/eldiariodesanpedro.com.ar\/sitio\/wp-json\/wp\/v2\/posts\/2087","targetHints":{"allow":["GET"]}}],"collection":[{"href":"https:\/\/eldiariodesanpedro.com.ar\/sitio\/wp-json\/wp\/v2\/posts"}],"about":[{"href":"https:\/\/eldiariodesanpedro.com.ar\/sitio\/wp-json\/wp\/v2\/types\/post"}],"author":[{"embeddable":true,"href":"https:\/\/eldiariodesanpedro.com.ar\/sitio\/wp-json\/wp\/v2\/users\/4"}],"replies":[{"embeddable":true,"href":"https:\/\/eldiariodesanpedro.com.ar\/sitio\/wp-json\/wp\/v2\/comments?post=2087"}],"version-history":[{"count":1,"href":"https:\/\/eldiariodesanpedro.com.ar\/sitio\/wp-json\/wp\/v2\/posts\/2087\/revisions"}],"predecessor-version":[{"id":2090,"href":"https:\/\/eldiariodesanpedro.com.ar\/sitio\/wp-json\/wp\/v2\/posts\/2087\/revisions\/2090"}],"wp:featuredmedia":[{"embeddable":true,"href":"https:\/\/eldiariodesanpedro.com.ar\/sitio\/wp-json\/wp\/v2\/media\/2099"}],"wp:attachment":[{"href":"https:\/\/eldiariodesanpedro.com.ar\/sitio\/wp-json\/wp\/v2\/media?parent=2087"}],"wp:term":[{"taxonomy":"category","embeddable":true,"href":"https:\/\/eldiariodesanpedro.com.ar\/sitio\/wp-json\/wp\/v2\/categories?post=2087"},{"taxonomy":"post_tag","embeddable":true,"href":"https:\/\/eldiariodesanpedro.com.ar\/sitio\/wp-json\/wp\/v2\/tags?post=2087"}],"curies":[{"name":"wp","href":"https:\/\/api.w.org\/{rel}","templated":true}]}}