{"id":2080,"date":"2016-02-26T19:00:41","date_gmt":"2016-02-26T22:00:41","guid":{"rendered":"http:\/\/www.eldiariodesanpedro.com.ar\/?p=2080"},"modified":"2016-02-26T19:00:41","modified_gmt":"2016-02-26T22:00:41","slug":"2080-2","status":"publish","type":"post","link":"https:\/\/eldiariodesanpedro.com.ar\/sitio\/2080-2\/","title":{"rendered":"Pedido de declaraci\u00f3n de Emergencia o Desastre para los productores de la zona"},"content":{"rendered":"<p><!-- VideographyWP Plugin Message: Automatic video embedding prevented by plugin options. --><br \/>\nCon fecha 25 de Febrero la Sociedad Rural de San Pedro present\u00f3 ante el Intendente Cecilio Salazar el pedido Declaraci\u00f3n de Emergencia y\/o Desastre Agropecuario para el Partido de San Pedro, como consecuencia del impacto que ha tenido en los productores de esta zona el avance y permanencia de altos niveles del R\u00edo Paran\u00e1.<br \/>\nEn la nota firmada por Ra\u00fal Victores, Presidente y Ricardo Pujol Secretario, la entidad solicita que se realicen los tr\u00e1mites pertinentes para efectuar las gestiones de rigor que les permitan a los productores afectados, documentar la situaci\u00f3n que atraviesan, y recibir algunos de los beneficios que surgen de este tipo de declaraci\u00f3n. Ahora se aguardan los tr\u00e1mites que deben realizarse desde la Municipalidad para concretar la declaraci\u00f3n para la que se registran sobrados motivos.<br \/>\nDesde que comenz\u00f3 a crecer el r\u00edo las p\u00e9rdidas han sido m\u00faltiples y los pron\u00f3sticos son pesimistas para el corto plazo<\/p>\n","protected":false},"excerpt":{"rendered":"<p>Con fecha 25 de Febrero la Sociedad Rural de San Pedro present\u00f3 ante el Intendente Cecilio Salazar el pedido Declaraci\u00f3n de Emergencia y\/o Desastre Agropecuario para el Partido de San Pedro, como consecuencia del impacto que ha tenido en los productores de esta zona el avance y permanencia de altos niveles del R\u00edo Paran\u00e1. En [&hellip;]<\/p>\n","protected":false},"author":4,"featured_media":2082,"comment_status":"open","ping_status":"closed","sticky":false,"template":"","format":"standard","meta":{"om_disable_all_campaigns":false,"_jetpack_memberships_contains_paid_content":false,"footnotes":""},"categories":[50,101,2],"tags":[],"class_list":["post-2080","post","type-post","status-publish","format-standard","has-post-thumbnail","hentry","category-destacadas","category-interes-general-locales","category-locales"],"aioseo_notices":[],"gutentor_comment":0,"jetpack_featured_media_url":"https:\/\/eldiariodesanpedro.com.ar\/sitio\/wp-content\/uploads\/2016\/02\/inundaciones-santa-fe.jpg","jetpack_shortlink":"https:\/\/wp.me\/p6RhLt-xy","jetpack_sharing_enabled":true,"_links":{"self":[{"href":"https:\/\/eldiariodesanpedro.com.ar\/sitio\/wp-json\/wp\/v2\/posts\/2080","targetHints":{"allow":["GET"]}}],"collection":[{"href":"https:\/\/eldiariodesanpedro.com.ar\/sitio\/wp-json\/wp\/v2\/posts"}],"about":[{"href":"https:\/\/eldiariodesanpedro.com.ar\/sitio\/wp-json\/wp\/v2\/types\/post"}],"author":[{"embeddable":true,"href":"https:\/\/eldiariodesanpedro.com.ar\/sitio\/wp-json\/wp\/v2\/users\/4"}],"replies":[{"embeddable":true,"href":"https:\/\/eldiariodesanpedro.com.ar\/sitio\/wp-json\/wp\/v2\/comments?post=2080"}],"version-history":[{"count":1,"href":"https:\/\/eldiariodesanpedro.com.ar\/sitio\/wp-json\/wp\/v2\/posts\/2080\/revisions"}],"predecessor-version":[{"id":2083,"href":"https:\/\/eldiariodesanpedro.com.ar\/sitio\/wp-json\/wp\/v2\/posts\/2080\/revisions\/2083"}],"wp:featuredmedia":[{"embeddable":true,"href":"https:\/\/eldiariodesanpedro.com.ar\/sitio\/wp-json\/wp\/v2\/media\/2082"}],"wp:attachment":[{"href":"https:\/\/eldiariodesanpedro.com.ar\/sitio\/wp-json\/wp\/v2\/media?parent=2080"}],"wp:term":[{"taxonomy":"category","embeddable":true,"href":"https:\/\/eldiariodesanpedro.com.ar\/sitio\/wp-json\/wp\/v2\/categories?post=2080"},{"taxonomy":"post_tag","embeddable":true,"href":"https:\/\/eldiariodesanpedro.com.ar\/sitio\/wp-json\/wp\/v2\/tags?post=2080"}],"curies":[{"name":"wp","href":"https:\/\/api.w.org\/{rel}","templated":true}]}}