{"id":2076,"date":"2016-02-26T18:56:54","date_gmt":"2016-02-26T21:56:54","guid":{"rendered":"http:\/\/www.eldiariodesanpedro.com.ar\/?p=2076"},"modified":"2016-02-26T19:05:56","modified_gmt":"2016-02-26T22:05:56","slug":"marta-alonso-presento-su-renuncia-indeclinable-al-cargo-de-jefa-distrital-de-educacion","status":"publish","type":"post","link":"https:\/\/eldiariodesanpedro.com.ar\/sitio\/marta-alonso-presento-su-renuncia-indeclinable-al-cargo-de-jefa-distrital-de-educacion\/","title":{"rendered":"Marta Alonso present\u00f3 su renuncia indeclinable al cargo de Jefa Distrital de Educaci\u00f3n"},"content":{"rendered":"<p><!-- VideographyWP Plugin Message: Automatic video embedding prevented by plugin options. --><br \/>\nLa propia docente decidi\u00f3 confirmar la presentaci\u00f3n de su renuncia al cargo que ocupaba, la semana pasada y que lo volvi\u00f3 hacer a principios de \u00e9sta en forma indeclinabe.<br \/>\nDurante la jornada de este jueves la docente Marta Alonso, quien ven\u00eda desempe\u00f1\u00e1ndose como Jefe Distrital de Educaci\u00f3n, present\u00f3 la dimisi\u00f3n ante las autoridades pertinentes ante la falta de respuesta a la presentada d\u00edas pasados.<br \/>\nAlonso, reiter\u00f3 que ya hab\u00eda presentado la renuncia a \u00absu cargo hace unas semanas pero ante la falta de respuestas, realiz\u00f3 una segunda presentaci\u00f3n pero en forma indeclinable\u00bb.<br \/>\nSi bien cont\u00f3 hasta ahora con el aval del Intendente Salazar, los rumores permanentes de que iba a ser removida por otras docentes que trabajaron en la campa\u00f1a de Cambiemos, termin\u00f3 por dicidir dejar la funci\u00f3n educativa.<br \/>\n\u00abVarios me pidieron que reviera mi posici\u00f3n, incluso mis Jefes, mis superiores, pero lo he pensado mucho y aunque me duele dejar esto, me parece que ya est\u00e1 y no daba para m\u00e1s. Me estaba agotando las especulaciones y gente dando vueltas con intenciones de ocupar el cargo. As\u00ed que despu\u00e9s de analizarlo bien arm\u00e9 una nota que me llev\u00f3 varias horas y la envi\u00e9\u00bb, dijo la docente.<br \/>\nAhora, Marta Alonso, se desempe\u00f1ar\u00e1 como Jefa de la Unidad Acad\u00e9mica de la Escuela Normal, cargo que ocupaba antes de asumir como Jefa Distrital y por el cual hab\u00eda pedido una licencia.<br \/>\nEn el oficialismo se eval\u00faan al menos dos nombres para poner en el cargo dejado por Alonso, uno de ellos ser\u00eda el de Eleonora Taurizano, quien justamente asumi\u00f3 hace dos d\u00edas como Consejera Escolar en reemplazo de la detenida Silvina Sampol<\/p>\n","protected":false},"excerpt":{"rendered":"<p>La propia docente decidi\u00f3 confirmar la presentaci\u00f3n de su renuncia al cargo que ocupaba, la semana pasada y que lo volvi\u00f3 hacer a principios de \u00e9sta en forma indeclinabe. Durante la jornada de este jueves la docente Marta Alonso, quien ven\u00eda desempe\u00f1\u00e1ndose como Jefe Distrital de Educaci\u00f3n, present\u00f3 la dimisi\u00f3n ante las autoridades pertinentes ante [&hellip;]<\/p>\n","protected":false},"author":4,"featured_media":2078,"comment_status":"open","ping_status":"closed","sticky":false,"template":"","format":"standard","meta":{"om_disable_all_campaigns":false,"_jetpack_memberships_contains_paid_content":false,"footnotes":""},"categories":[50,2,102],"tags":[],"class_list":["post-2076","post","type-post","status-publish","format-standard","has-post-thumbnail","hentry","category-destacadas","category-locales","category-politica-locales"],"aioseo_notices":[],"gutentor_comment":0,"jetpack_featured_media_url":"https:\/\/eldiariodesanpedro.com.ar\/sitio\/wp-content\/uploads\/2016\/02\/Marta-Alonso1.jpg","jetpack_shortlink":"https:\/\/wp.me\/p6RhLt-xu","jetpack_sharing_enabled":true,"_links":{"self":[{"href":"https:\/\/eldiariodesanpedro.com.ar\/sitio\/wp-json\/wp\/v2\/posts\/2076","targetHints":{"allow":["GET"]}}],"collection":[{"href":"https:\/\/eldiariodesanpedro.com.ar\/sitio\/wp-json\/wp\/v2\/posts"}],"about":[{"href":"https:\/\/eldiariodesanpedro.com.ar\/sitio\/wp-json\/wp\/v2\/types\/post"}],"author":[{"embeddable":true,"href":"https:\/\/eldiariodesanpedro.com.ar\/sitio\/wp-json\/wp\/v2\/users\/4"}],"replies":[{"embeddable":true,"href":"https:\/\/eldiariodesanpedro.com.ar\/sitio\/wp-json\/wp\/v2\/comments?post=2076"}],"version-history":[{"count":1,"href":"https:\/\/eldiariodesanpedro.com.ar\/sitio\/wp-json\/wp\/v2\/posts\/2076\/revisions"}],"predecessor-version":[{"id":2079,"href":"https:\/\/eldiariodesanpedro.com.ar\/sitio\/wp-json\/wp\/v2\/posts\/2076\/revisions\/2079"}],"wp:featuredmedia":[{"embeddable":true,"href":"https:\/\/eldiariodesanpedro.com.ar\/sitio\/wp-json\/wp\/v2\/media\/2078"}],"wp:attachment":[{"href":"https:\/\/eldiariodesanpedro.com.ar\/sitio\/wp-json\/wp\/v2\/media?parent=2076"}],"wp:term":[{"taxonomy":"category","embeddable":true,"href":"https:\/\/eldiariodesanpedro.com.ar\/sitio\/wp-json\/wp\/v2\/categories?post=2076"},{"taxonomy":"post_tag","embeddable":true,"href":"https:\/\/eldiariodesanpedro.com.ar\/sitio\/wp-json\/wp\/v2\/tags?post=2076"}],"curies":[{"name":"wp","href":"https:\/\/api.w.org\/{rel}","templated":true}]}}