{"id":2072,"date":"2016-02-26T17:56:13","date_gmt":"2016-02-26T20:56:13","guid":{"rendered":"http:\/\/www.eldiariodesanpedro.com.ar\/?p=2072"},"modified":"2016-02-26T17:56:13","modified_gmt":"2016-02-26T20:56:13","slug":"hay-acuerdo-entre-los-gremios-y-el-gobierno-por-la-paritaria-nacional-docente","status":"publish","type":"post","link":"https:\/\/eldiariodesanpedro.com.ar\/sitio\/hay-acuerdo-entre-los-gremios-y-el-gobierno-por-la-paritaria-nacional-docente\/","title":{"rendered":"Hay acuerdo entre los gremios y el gobierno por la paritaria nacional docente"},"content":{"rendered":"<p><!-- VideographyWP Plugin Message: Automatic video embedding prevented by plugin options. --><br \/>\nLos ministros de Educaci\u00f3n y Trabajo, Esteban Bullrich y Jorge Triaca, respectivamente, y los gremios docentes con representaci\u00f3n nacional acordaron ayer a la noche en la cartera laboral una mejora salarial del 30 por ciento promedio para todo el pa\u00eds y de un 40 para 55.000 maestros de siete provincias.<br \/>\nFuentes oficiales se\u00f1alaron que la mejora fue del 25 por ciento y que se aument\u00f3 el Fondo del Incentivo Docente (FONID), lo que conform\u00f3 un incremento promedio del 30 por ciento en todo el pa\u00eds y del 40 para 55.000 docentes de siete provincias, por lo que desde febrero el salario inicial de referencia ser\u00e1 de 7.800 pesos y, a partir de julio pr\u00f3ximo, de 8.500 pesos.<\/p>\n","protected":false},"excerpt":{"rendered":"<p>Los ministros de Educaci\u00f3n y Trabajo, Esteban Bullrich y Jorge Triaca, respectivamente, y los gremios docentes con representaci\u00f3n nacional acordaron ayer a la noche en la cartera laboral una mejora salarial del 30 por ciento promedio para todo el pa\u00eds y de un 40 para 55.000 maestros de siete provincias. Fuentes oficiales se\u00f1alaron que la [&hellip;]<\/p>\n","protected":false},"author":4,"featured_media":2074,"comment_status":"open","ping_status":"closed","sticky":false,"template":"","format":"standard","meta":{"om_disable_all_campaigns":false,"_jetpack_memberships_contains_paid_content":false,"footnotes":""},"categories":[50,3],"tags":[],"class_list":["post-2072","post","type-post","status-publish","format-standard","has-post-thumbnail","hentry","category-destacadas","category-nacionales"],"aioseo_notices":[],"gutentor_comment":0,"jetpack_featured_media_url":"https:\/\/eldiariodesanpedro.com.ar\/sitio\/wp-content\/uploads\/2016\/02\/56d01ddb78b9c_760x506.jpg","jetpack_shortlink":"https:\/\/wp.me\/p6RhLt-xq","jetpack_sharing_enabled":true,"_links":{"self":[{"href":"https:\/\/eldiariodesanpedro.com.ar\/sitio\/wp-json\/wp\/v2\/posts\/2072","targetHints":{"allow":["GET"]}}],"collection":[{"href":"https:\/\/eldiariodesanpedro.com.ar\/sitio\/wp-json\/wp\/v2\/posts"}],"about":[{"href":"https:\/\/eldiariodesanpedro.com.ar\/sitio\/wp-json\/wp\/v2\/types\/post"}],"author":[{"embeddable":true,"href":"https:\/\/eldiariodesanpedro.com.ar\/sitio\/wp-json\/wp\/v2\/users\/4"}],"replies":[{"embeddable":true,"href":"https:\/\/eldiariodesanpedro.com.ar\/sitio\/wp-json\/wp\/v2\/comments?post=2072"}],"version-history":[{"count":1,"href":"https:\/\/eldiariodesanpedro.com.ar\/sitio\/wp-json\/wp\/v2\/posts\/2072\/revisions"}],"predecessor-version":[{"id":2075,"href":"https:\/\/eldiariodesanpedro.com.ar\/sitio\/wp-json\/wp\/v2\/posts\/2072\/revisions\/2075"}],"wp:featuredmedia":[{"embeddable":true,"href":"https:\/\/eldiariodesanpedro.com.ar\/sitio\/wp-json\/wp\/v2\/media\/2074"}],"wp:attachment":[{"href":"https:\/\/eldiariodesanpedro.com.ar\/sitio\/wp-json\/wp\/v2\/media?parent=2072"}],"wp:term":[{"taxonomy":"category","embeddable":true,"href":"https:\/\/eldiariodesanpedro.com.ar\/sitio\/wp-json\/wp\/v2\/categories?post=2072"},{"taxonomy":"post_tag","embeddable":true,"href":"https:\/\/eldiariodesanpedro.com.ar\/sitio\/wp-json\/wp\/v2\/tags?post=2072"}],"curies":[{"name":"wp","href":"https:\/\/api.w.org\/{rel}","templated":true}]}}