{"id":2068,"date":"2016-02-26T17:54:01","date_gmt":"2016-02-26T20:54:01","guid":{"rendered":"http:\/\/www.eldiariodesanpedro.com.ar\/?p=2068"},"modified":"2016-02-26T17:54:01","modified_gmt":"2016-02-26T20:54:01","slug":"2068-2","status":"publish","type":"post","link":"https:\/\/eldiariodesanpedro.com.ar\/sitio\/2068-2\/","title":{"rendered":"El intendete participo de una reunion convocada por el presidente del Grupo Provincia"},"content":{"rendered":"<p><!-- VideographyWP Plugin Message: Automatic video embedding prevented by plugin options. --><br \/>\nEl presidente del Grupo Provincia, Jorge Macri, se reuni\u00f3 hoy con intendentes de la segunda secci\u00f3n electoral de la provincia de Buenos Aires, entre los cuales se encontraba el Jefe Comunal Cecilio Salazar.<br \/>\nEl objetivo de la misma fue poner a disposici\u00f3n las herramientas con las que cuentan las empresas que conforman el Grupo.<br \/>\nEn este sentido, Jorge Macri afirm\u00f3 que \u00abdesde el Grupo Provincia tenemos el desaf\u00edo de generar herramientas financieras y de gesti\u00f3n, que permitan el desarrollo de la obra p\u00fablica y privada que necesita la Provincia, trabajando codo a codo con cada intendente\u00bb. Al tiempo que destac\u00f3 \u00abesas obras van a llevar desde agua y cloacas a m\u00e1s familias, hasta la posibilidad de ampliar el equipamiento municipal para el mantenimiento vial y caminos rurales\u00bb.<br \/>\nAdem\u00e1s de Salazar, la mesa de trabajo estuvo integrada por Javier Olaeta (Arrecifes), Fernanda Antonijevic (Baradero), Javier Mart\u00ednez (Pergamino) y Claudio Rossi (Rojas), quienes detallaron las necesidades propias de cada distrito para elaborar un plan a su medida, el cual permita mejorar los servicios que les brindan a los vecinos. <\/p>\n","protected":false},"excerpt":{"rendered":"<p>El presidente del Grupo Provincia, Jorge Macri, se reuni\u00f3 hoy con intendentes de la segunda secci\u00f3n electoral de la provincia de Buenos Aires, entre los cuales se encontraba el Jefe Comunal Cecilio Salazar. El objetivo de la misma fue poner a disposici\u00f3n las herramientas con las que cuentan las empresas que conforman el Grupo. En [&hellip;]<\/p>\n","protected":false},"author":4,"featured_media":2070,"comment_status":"open","ping_status":"closed","sticky":false,"template":"","format":"standard","meta":{"om_disable_all_campaigns":false,"_jetpack_memberships_contains_paid_content":false,"footnotes":""},"categories":[50,2,102],"tags":[],"class_list":["post-2068","post","type-post","status-publish","format-standard","has-post-thumbnail","hentry","category-destacadas","category-locales","category-politica-locales"],"aioseo_notices":[],"gutentor_comment":0,"jetpack_featured_media_url":"https:\/\/eldiariodesanpedro.com.ar\/sitio\/wp-content\/uploads\/2016\/02\/PAGINA-6-1.jpg","jetpack_shortlink":"https:\/\/wp.me\/p6RhLt-xm","jetpack_sharing_enabled":true,"_links":{"self":[{"href":"https:\/\/eldiariodesanpedro.com.ar\/sitio\/wp-json\/wp\/v2\/posts\/2068","targetHints":{"allow":["GET"]}}],"collection":[{"href":"https:\/\/eldiariodesanpedro.com.ar\/sitio\/wp-json\/wp\/v2\/posts"}],"about":[{"href":"https:\/\/eldiariodesanpedro.com.ar\/sitio\/wp-json\/wp\/v2\/types\/post"}],"author":[{"embeddable":true,"href":"https:\/\/eldiariodesanpedro.com.ar\/sitio\/wp-json\/wp\/v2\/users\/4"}],"replies":[{"embeddable":true,"href":"https:\/\/eldiariodesanpedro.com.ar\/sitio\/wp-json\/wp\/v2\/comments?post=2068"}],"version-history":[{"count":1,"href":"https:\/\/eldiariodesanpedro.com.ar\/sitio\/wp-json\/wp\/v2\/posts\/2068\/revisions"}],"predecessor-version":[{"id":2071,"href":"https:\/\/eldiariodesanpedro.com.ar\/sitio\/wp-json\/wp\/v2\/posts\/2068\/revisions\/2071"}],"wp:featuredmedia":[{"embeddable":true,"href":"https:\/\/eldiariodesanpedro.com.ar\/sitio\/wp-json\/wp\/v2\/media\/2070"}],"wp:attachment":[{"href":"https:\/\/eldiariodesanpedro.com.ar\/sitio\/wp-json\/wp\/v2\/media?parent=2068"}],"wp:term":[{"taxonomy":"category","embeddable":true,"href":"https:\/\/eldiariodesanpedro.com.ar\/sitio\/wp-json\/wp\/v2\/categories?post=2068"},{"taxonomy":"post_tag","embeddable":true,"href":"https:\/\/eldiariodesanpedro.com.ar\/sitio\/wp-json\/wp\/v2\/tags?post=2068"}],"curies":[{"name":"wp","href":"https:\/\/api.w.org\/{rel}","templated":true}]}}