{"id":2060,"date":"2016-02-26T11:55:20","date_gmt":"2016-02-26T14:55:20","guid":{"rendered":"http:\/\/www.eldiariodesanpedro.com.ar\/?p=2060"},"modified":"2016-02-26T19:02:46","modified_gmt":"2016-02-26T22:02:46","slug":"trabajar-bajo-la-lluvia","status":"publish","type":"post","link":"https:\/\/eldiariodesanpedro.com.ar\/sitio\/trabajar-bajo-la-lluvia\/","title":{"rendered":"Trabajar bajo la lluvia"},"content":{"rendered":"<p><!-- VideographyWP Plugin Message: Automatic video embedding prevented by plugin options. --><br \/>\nTrabajar bajo la lluvia<\/p>\n<p>Valent\u00edn nuestro canillita al pie del ca\u00f1on<\/p>\n<p>Hoy como casi ning\u00fan d\u00eda, uno de nuestros canillitas vino temprano, pero esta no es la noticia, la noticia es que lo hace \u00a1\u00a1\u00a1un d\u00eda de lluvia!!! (Con raz\u00f3n llueve) este particular personaje es nuestro entra\u00f1able canillita Valent\u00edn Peppo .<br \/>\nValent\u00edn viene todos los d\u00edas pasadas las once de la ma\u00f1ana y todos los d\u00edas lo retamos para que venga temprano, pero \u00e9l nos sonr\u00ede de oreja a oreja y nos cuenta su nueva excusa. Pero \u00e9l tiene un encanto singular, de todos los diarios que \u00e9l se lleva \u00a1todos los vende! cuando vuelve a rendir nos cuenta que pantomima hizo ese d\u00eda, desde tirar los diarios en el piso para que la gente lo junte hasta leerle las noticias uno por uno.<br \/>\nPero hoy, UN DIA DE LLUVIA, cuando si puede faltar,  \u00a1\u00a1\u00a1Valent\u00edn vino temprano!!! Como era de esperarse YA VENDIO TODO. Si encontras a Valent\u00edn en la calle no dudes en comprarle un diario, no solo es un excelente vendedor es una excelente persona.<\/p>\n","protected":false},"excerpt":{"rendered":"<p>Trabajar bajo la lluvia Valent\u00edn nuestro canillita al pie del ca\u00f1on Hoy como casi ning\u00fan d\u00eda, uno de nuestros canillitas vino temprano, pero esta no es la noticia, la noticia es que lo hace \u00a1\u00a1\u00a1un d\u00eda de lluvia!!! (Con raz\u00f3n llueve) este particular personaje es nuestro entra\u00f1able canillita Valent\u00edn Peppo . Valent\u00edn viene todos los [&hellip;]<\/p>\n","protected":false},"author":4,"featured_media":2059,"comment_status":"open","ping_status":"closed","sticky":false,"template":"","format":"standard","meta":{"om_disable_all_campaigns":false,"_jetpack_memberships_contains_paid_content":false,"footnotes":""},"categories":[101,2],"tags":[],"class_list":["post-2060","post","type-post","status-publish","format-standard","has-post-thumbnail","hentry","category-interes-general-locales","category-locales"],"aioseo_notices":[],"gutentor_comment":0,"jetpack_featured_media_url":"https:\/\/eldiariodesanpedro.com.ar\/sitio\/wp-content\/uploads\/2016\/02\/Valentin-e1456498209124.jpg","jetpack_shortlink":"https:\/\/wp.me\/p6RhLt-xe","jetpack_sharing_enabled":true,"_links":{"self":[{"href":"https:\/\/eldiariodesanpedro.com.ar\/sitio\/wp-json\/wp\/v2\/posts\/2060","targetHints":{"allow":["GET"]}}],"collection":[{"href":"https:\/\/eldiariodesanpedro.com.ar\/sitio\/wp-json\/wp\/v2\/posts"}],"about":[{"href":"https:\/\/eldiariodesanpedro.com.ar\/sitio\/wp-json\/wp\/v2\/types\/post"}],"author":[{"embeddable":true,"href":"https:\/\/eldiariodesanpedro.com.ar\/sitio\/wp-json\/wp\/v2\/users\/4"}],"replies":[{"embeddable":true,"href":"https:\/\/eldiariodesanpedro.com.ar\/sitio\/wp-json\/wp\/v2\/comments?post=2060"}],"version-history":[{"count":1,"href":"https:\/\/eldiariodesanpedro.com.ar\/sitio\/wp-json\/wp\/v2\/posts\/2060\/revisions"}],"predecessor-version":[{"id":2062,"href":"https:\/\/eldiariodesanpedro.com.ar\/sitio\/wp-json\/wp\/v2\/posts\/2060\/revisions\/2062"}],"wp:featuredmedia":[{"embeddable":true,"href":"https:\/\/eldiariodesanpedro.com.ar\/sitio\/wp-json\/wp\/v2\/media\/2059"}],"wp:attachment":[{"href":"https:\/\/eldiariodesanpedro.com.ar\/sitio\/wp-json\/wp\/v2\/media?parent=2060"}],"wp:term":[{"taxonomy":"category","embeddable":true,"href":"https:\/\/eldiariodesanpedro.com.ar\/sitio\/wp-json\/wp\/v2\/categories?post=2060"},{"taxonomy":"post_tag","embeddable":true,"href":"https:\/\/eldiariodesanpedro.com.ar\/sitio\/wp-json\/wp\/v2\/tags?post=2060"}],"curies":[{"name":"wp","href":"https:\/\/api.w.org\/{rel}","templated":true}]}}