{"id":2049,"date":"2016-02-26T11:14:48","date_gmt":"2016-02-26T14:14:48","guid":{"rendered":"http:\/\/www.eldiariodesanpedro.com.ar\/?p=2049"},"modified":"2016-02-26T13:55:59","modified_gmt":"2016-02-26T16:55:59","slug":"confirman-50-policias-para-el-festival-del-verano-y-la-actuacion-de-cumbia-nena","status":"publish","type":"post","link":"https:\/\/eldiariodesanpedro.com.ar\/sitio\/confirman-50-policias-para-el-festival-del-verano-y-la-actuacion-de-cumbia-nena\/","title":{"rendered":"Confirman 50 polic\u00edas para el festival del verano y la actuaci\u00f3n de Cumbia Nena"},"content":{"rendered":"<p><!-- VideographyWP Plugin Message: Automatic video embedding prevented by plugin options. --><br \/>\nSe acept\u00f3 la propuesta del Ejecutivo Municipal <\/p>\n<p>Confirman 50 polic\u00edas para el festival del verano y la actuaci\u00f3n de Cumbia Nena<\/p>\n<p>Este domingo 28 se realizara el  FESTIVAL DEL VERANO en calle B.Moreno y 11 de Septiembre       donde tuvieron lugar los corsos de nuestra ciudad. Hugo Cejas Vicepresidente de  La liga deportiva confirmo a nuestro medio que acepto la propuesta del ejecutivo municipal de Cecilio Salazar de realizar el evento en dicho lugar.<br \/>\n La grilla de artistas que actuaran a partir de las 19:00 hs y nos consagraran con su m\u00fasica ser\u00e1n: Agapornis, El Polaco, La Champion Liga, RC Band, Mawi y la \u00faltima actuaci\u00f3n confirmada  estar\u00e1 a cargo de Cumbia Nena.<br \/>\nEn un principio se solicitaron 25 efectivos, pero desde la comisar\u00eda local consideraron que deb\u00eda ser un n\u00famero mayor el que deb\u00eda prestar servicio para evitar desmanes y mantener el orden ya que se espera una gran convocatoria de personas por tal el evento se llevara a cabo con el resguardo de 50 efectivos .<\/p>\n","protected":false},"excerpt":{"rendered":"<p>Se acept\u00f3 la propuesta del Ejecutivo Municipal Confirman 50 polic\u00edas para el festival del verano y la actuaci\u00f3n de Cumbia Nena Este domingo 28 se realizara el FESTIVAL DEL VERANO en calle B.Moreno y 11 de Septiembre donde tuvieron lugar los corsos de nuestra ciudad. Hugo Cejas Vicepresidente de La liga deportiva confirmo a nuestro [&hellip;]<\/p>\n","protected":false},"author":4,"featured_media":2051,"comment_status":"open","ping_status":"closed","sticky":false,"template":"","format":"standard","meta":{"om_disable_all_campaigns":false,"_jetpack_memberships_contains_paid_content":false,"footnotes":""},"categories":[50,101,2],"tags":[],"class_list":["post-2049","post","type-post","status-publish","format-standard","has-post-thumbnail","hentry","category-destacadas","category-interes-general-locales","category-locales"],"aioseo_notices":[],"gutentor_comment":0,"jetpack_featured_media_url":"https:\/\/eldiariodesanpedro.com.ar\/sitio\/wp-content\/uploads\/2016\/02\/cumbia-nena-2.jpg","jetpack_shortlink":"https:\/\/wp.me\/p6RhLt-x3","jetpack_sharing_enabled":true,"_links":{"self":[{"href":"https:\/\/eldiariodesanpedro.com.ar\/sitio\/wp-json\/wp\/v2\/posts\/2049","targetHints":{"allow":["GET"]}}],"collection":[{"href":"https:\/\/eldiariodesanpedro.com.ar\/sitio\/wp-json\/wp\/v2\/posts"}],"about":[{"href":"https:\/\/eldiariodesanpedro.com.ar\/sitio\/wp-json\/wp\/v2\/types\/post"}],"author":[{"embeddable":true,"href":"https:\/\/eldiariodesanpedro.com.ar\/sitio\/wp-json\/wp\/v2\/users\/4"}],"replies":[{"embeddable":true,"href":"https:\/\/eldiariodesanpedro.com.ar\/sitio\/wp-json\/wp\/v2\/comments?post=2049"}],"version-history":[{"count":1,"href":"https:\/\/eldiariodesanpedro.com.ar\/sitio\/wp-json\/wp\/v2\/posts\/2049\/revisions"}],"predecessor-version":[{"id":2052,"href":"https:\/\/eldiariodesanpedro.com.ar\/sitio\/wp-json\/wp\/v2\/posts\/2049\/revisions\/2052"}],"wp:featuredmedia":[{"embeddable":true,"href":"https:\/\/eldiariodesanpedro.com.ar\/sitio\/wp-json\/wp\/v2\/media\/2051"}],"wp:attachment":[{"href":"https:\/\/eldiariodesanpedro.com.ar\/sitio\/wp-json\/wp\/v2\/media?parent=2049"}],"wp:term":[{"taxonomy":"category","embeddable":true,"href":"https:\/\/eldiariodesanpedro.com.ar\/sitio\/wp-json\/wp\/v2\/categories?post=2049"},{"taxonomy":"post_tag","embeddable":true,"href":"https:\/\/eldiariodesanpedro.com.ar\/sitio\/wp-json\/wp\/v2\/tags?post=2049"}],"curies":[{"name":"wp","href":"https:\/\/api.w.org\/{rel}","templated":true}]}}