{"id":2045,"date":"2016-02-26T10:13:43","date_gmt":"2016-02-26T13:13:43","guid":{"rendered":"http:\/\/www.eldiariodesanpedro.com.ar\/?p=2045"},"modified":"2016-02-26T13:49:07","modified_gmt":"2016-02-26T16:49:07","slug":"poste-caido","status":"publish","type":"post","link":"https:\/\/eldiariodesanpedro.com.ar\/sitio\/poste-caido\/","title":{"rendered":"Poste caido"},"content":{"rendered":"<p><!-- VideographyWP Plugin Message: Automatic video embedding prevented by plugin options. --><br \/>\nPOSTE CAIDO <\/p>\n<p>Grave accidente por causa de un cable de tel\u00e9fono <\/p>\n<p>Durante la gran tormenta ocurrida la noche del viernes 19 de este mes, como consecuencia de las fuertes r\u00e1fagas de viento, sobre la calle San Martin al 2700 un poste de tel\u00e9fono quedo al punto de caerse por completo, y sus cables quedaron colgando, cruzando la calle de vereda a vereda.<br \/>\nEl d\u00eda lunes 22  el mismo continuaba en ese precario y peligroso estado, motivo por el cual alrededor de las 16:00 hs una moto 125 cc. Conducida por una joven que pasaba por el lugar sufri\u00f3 un fuerte accidente como consecuencia de los cables que se le metieron en la rueda del vehiculo, los vecinos del lugar la socorrieron y llamaron a la ambulancia, la misma fue derivada al hospital por el fuerte traumatismo que sufri\u00f3.<br \/>\nAl d\u00eda de la fecha los vecinos siguen denunciando que el poste de tel\u00e9fono sigue a punto de caerse, con sus cables colgando sin que se hiciera presente personal de la empresa prestataria del servicio telef\u00f3nico, se preguntan los vecinos \u201c\u00bfhay que esperar a que alla un accidente fatal para que vengan a arreglarlo?\u201d<\/p>\n","protected":false},"excerpt":{"rendered":"<p>POSTE CAIDO Grave accidente por causa de un cable de tel\u00e9fono Durante la gran tormenta ocurrida la noche del viernes 19 de este mes, como consecuencia de las fuertes r\u00e1fagas de viento, sobre la calle San Martin al 2700 un poste de tel\u00e9fono quedo al punto de caerse por completo, y sus cables quedaron colgando, [&hellip;]<\/p>\n","protected":false},"author":4,"featured_media":2047,"comment_status":"open","ping_status":"closed","sticky":false,"template":"","format":"standard","meta":{"om_disable_all_campaigns":false,"_jetpack_memberships_contains_paid_content":false,"footnotes":""},"categories":[50,101,2],"tags":[],"class_list":["post-2045","post","type-post","status-publish","format-standard","has-post-thumbnail","hentry","category-destacadas","category-interes-general-locales","category-locales"],"aioseo_notices":[],"gutentor_comment":0,"jetpack_featured_media_url":"https:\/\/eldiariodesanpedro.com.ar\/sitio\/wp-content\/uploads\/2016\/02\/POSTE-DE-TELEFONO.jpg","jetpack_shortlink":"https:\/\/wp.me\/p6RhLt-wZ","jetpack_sharing_enabled":true,"_links":{"self":[{"href":"https:\/\/eldiariodesanpedro.com.ar\/sitio\/wp-json\/wp\/v2\/posts\/2045","targetHints":{"allow":["GET"]}}],"collection":[{"href":"https:\/\/eldiariodesanpedro.com.ar\/sitio\/wp-json\/wp\/v2\/posts"}],"about":[{"href":"https:\/\/eldiariodesanpedro.com.ar\/sitio\/wp-json\/wp\/v2\/types\/post"}],"author":[{"embeddable":true,"href":"https:\/\/eldiariodesanpedro.com.ar\/sitio\/wp-json\/wp\/v2\/users\/4"}],"replies":[{"embeddable":true,"href":"https:\/\/eldiariodesanpedro.com.ar\/sitio\/wp-json\/wp\/v2\/comments?post=2045"}],"version-history":[{"count":2,"href":"https:\/\/eldiariodesanpedro.com.ar\/sitio\/wp-json\/wp\/v2\/posts\/2045\/revisions"}],"predecessor-version":[{"id":2063,"href":"https:\/\/eldiariodesanpedro.com.ar\/sitio\/wp-json\/wp\/v2\/posts\/2045\/revisions\/2063"}],"wp:featuredmedia":[{"embeddable":true,"href":"https:\/\/eldiariodesanpedro.com.ar\/sitio\/wp-json\/wp\/v2\/media\/2047"}],"wp:attachment":[{"href":"https:\/\/eldiariodesanpedro.com.ar\/sitio\/wp-json\/wp\/v2\/media?parent=2045"}],"wp:term":[{"taxonomy":"category","embeddable":true,"href":"https:\/\/eldiariodesanpedro.com.ar\/sitio\/wp-json\/wp\/v2\/categories?post=2045"},{"taxonomy":"post_tag","embeddable":true,"href":"https:\/\/eldiariodesanpedro.com.ar\/sitio\/wp-json\/wp\/v2\/tags?post=2045"}],"curies":[{"name":"wp","href":"https:\/\/api.w.org\/{rel}","templated":true}]}}