{"id":2041,"date":"2016-02-26T09:33:13","date_gmt":"2016-02-26T12:33:13","guid":{"rendered":"http:\/\/www.eldiariodesanpedro.com.ar\/?p=2041"},"modified":"2016-02-26T14:35:09","modified_gmt":"2016-02-26T17:35:09","slug":"asalto-a-mano-armada-en-otra-despensa-de-nuestra-ciudad","status":"publish","type":"post","link":"https:\/\/eldiariodesanpedro.com.ar\/sitio\/asalto-a-mano-armada-en-otra-despensa-de-nuestra-ciudad\/","title":{"rendered":"Asalto a mano armada en otra despensa de nuestra ciudad"},"content":{"rendered":"<p><!-- VideographyWP Plugin Message: Automatic video embedding prevented by plugin options. --><br \/>\nContin\u00faan los hechos de inseguridad <\/p>\n<p>Asalto a mano armada en otra despensa de nuestra ciudad<\/p>\n<p>En la noche del mi\u00e9rcoles alrededor de las 21: 00 hs en la despensa ubicada en la esquina de  las calles J.V. Gonzalez y Colon, tuvo lugar a un asalto a mano armada, seg\u00fan le conto la propietaria a nuestro medio, fueron dos los malvivientes, quienes se acercaron al lugar. Uno de ellos entro pidiendo que le hagan una recarga al celular y el otro se qued\u00f3 afuera haciendo de campana en una moto 110 cc. La persona que entra cuando la empleada decide hacer la recarga ingresa por el costado llegando hacia ella con un arma, la cual apoya en su cabeza amenaz\u00e1ndola y gatillando sobre su cabeza en el momento en que le sacan el celular, por suerte o bien el arma no estaba cargada o el disparo no sali\u00f3.<br \/>\nProducto de este il\u00edcito lograron llevarse la recaudaci\u00f3n del d\u00eda sustra\u00edda de la caja registradora, el celular de la empleada y dos frizze que saca de la heladera al retirarse, estos malvivientes se dieron a la fuga y no lograron ser capturados.<\/p>\n","protected":false},"excerpt":{"rendered":"<p>Contin\u00faan los hechos de inseguridad Asalto a mano armada en otra despensa de nuestra ciudad En la noche del mi\u00e9rcoles alrededor de las 21: 00 hs en la despensa ubicada en la esquina de las calles J.V. Gonzalez y Colon, tuvo lugar a un asalto a mano armada, seg\u00fan le conto la propietaria a nuestro [&hellip;]<\/p>\n","protected":false},"author":4,"featured_media":2043,"comment_status":"open","ping_status":"closed","sticky":false,"template":"","format":"standard","meta":{"om_disable_all_campaigns":false,"_jetpack_memberships_contains_paid_content":false,"footnotes":""},"categories":[50,2,103],"tags":[],"class_list":["post-2041","post","type-post","status-publish","format-standard","has-post-thumbnail","hentry","category-destacadas","category-locales","category-policiales-locales"],"aioseo_notices":[],"gutentor_comment":0,"jetpack_featured_media_url":"https:\/\/eldiariodesanpedro.com.ar\/sitio\/wp-content\/uploads\/2016\/02\/asalto-almasen.jpg","jetpack_shortlink":"https:\/\/wp.me\/p6RhLt-wV","jetpack_sharing_enabled":true,"_links":{"self":[{"href":"https:\/\/eldiariodesanpedro.com.ar\/sitio\/wp-json\/wp\/v2\/posts\/2041","targetHints":{"allow":["GET"]}}],"collection":[{"href":"https:\/\/eldiariodesanpedro.com.ar\/sitio\/wp-json\/wp\/v2\/posts"}],"about":[{"href":"https:\/\/eldiariodesanpedro.com.ar\/sitio\/wp-json\/wp\/v2\/types\/post"}],"author":[{"embeddable":true,"href":"https:\/\/eldiariodesanpedro.com.ar\/sitio\/wp-json\/wp\/v2\/users\/4"}],"replies":[{"embeddable":true,"href":"https:\/\/eldiariodesanpedro.com.ar\/sitio\/wp-json\/wp\/v2\/comments?post=2041"}],"version-history":[{"count":4,"href":"https:\/\/eldiariodesanpedro.com.ar\/sitio\/wp-json\/wp\/v2\/posts\/2041\/revisions"}],"predecessor-version":[{"id":2066,"href":"https:\/\/eldiariodesanpedro.com.ar\/sitio\/wp-json\/wp\/v2\/posts\/2041\/revisions\/2066"}],"wp:featuredmedia":[{"embeddable":true,"href":"https:\/\/eldiariodesanpedro.com.ar\/sitio\/wp-json\/wp\/v2\/media\/2043"}],"wp:attachment":[{"href":"https:\/\/eldiariodesanpedro.com.ar\/sitio\/wp-json\/wp\/v2\/media?parent=2041"}],"wp:term":[{"taxonomy":"category","embeddable":true,"href":"https:\/\/eldiariodesanpedro.com.ar\/sitio\/wp-json\/wp\/v2\/categories?post=2041"},{"taxonomy":"post_tag","embeddable":true,"href":"https:\/\/eldiariodesanpedro.com.ar\/sitio\/wp-json\/wp\/v2\/tags?post=2041"}],"curies":[{"name":"wp","href":"https:\/\/api.w.org\/{rel}","templated":true}]}}