{"id":2032,"date":"2016-02-25T01:16:50","date_gmt":"2016-02-25T04:16:50","guid":{"rendered":"http:\/\/www.eldiariodesanpedro.com.ar\/?p=2032"},"modified":"2016-02-25T01:16:50","modified_gmt":"2016-02-25T04:16:50","slug":"caida-de-un-arbol-el-temporal","status":"publish","type":"post","link":"https:\/\/eldiariodesanpedro.com.ar\/sitio\/caida-de-un-arbol-el-temporal\/","title":{"rendered":"Ca\u00edda de un \u00e1rbol por el temporal"},"content":{"rendered":"<p><!-- VideographyWP Plugin Message: Automatic video embedding prevented by plugin options. --><br \/>\nComo consecuencia del viento que se desato por el temporal en la noche de ayer, promediando las 20 hs, se desplomo un \u00e1rbol hubicado en la intersecci\u00f3n de calle G\u00fcemes y Balcarse. Dejando sin Luz a toda la zona y con comlicaciones en el transito.<br \/>\nR\u00e1pidamente una cuadrilla municipal trabajo en el lugar para cortar el \u00e1rbol habilitar la calle, por su parte Coopser trabajo arduamente y cercanas las 23:30 horas se restablesio el servicio de luz a los vecinos de la zona.<\/p>\n","protected":false},"excerpt":{"rendered":"<p>Como consecuencia del viento que se desato por el temporal en la noche de ayer, promediando las 20 hs, se desplomo un \u00e1rbol hubicado en la intersecci\u00f3n de calle G\u00fcemes y Balcarse. Dejando sin Luz a toda la zona y con comlicaciones en el transito. R\u00e1pidamente una cuadrilla municipal trabajo en el lugar para cortar [&hellip;]<\/p>\n","protected":false},"author":4,"featured_media":2034,"comment_status":"open","ping_status":"closed","sticky":false,"template":"","format":"standard","meta":{"om_disable_all_campaigns":false,"_jetpack_memberships_contains_paid_content":false,"footnotes":""},"categories":[50,101,2],"tags":[],"class_list":["post-2032","post","type-post","status-publish","format-standard","has-post-thumbnail","hentry","category-destacadas","category-interes-general-locales","category-locales"],"aioseo_notices":[],"gutentor_comment":0,"jetpack_featured_media_url":"https:\/\/eldiariodesanpedro.com.ar\/sitio\/wp-content\/uploads\/2016\/02\/DSC05493.jpg","jetpack_shortlink":"https:\/\/wp.me\/p6RhLt-wM","jetpack_sharing_enabled":true,"_links":{"self":[{"href":"https:\/\/eldiariodesanpedro.com.ar\/sitio\/wp-json\/wp\/v2\/posts\/2032","targetHints":{"allow":["GET"]}}],"collection":[{"href":"https:\/\/eldiariodesanpedro.com.ar\/sitio\/wp-json\/wp\/v2\/posts"}],"about":[{"href":"https:\/\/eldiariodesanpedro.com.ar\/sitio\/wp-json\/wp\/v2\/types\/post"}],"author":[{"embeddable":true,"href":"https:\/\/eldiariodesanpedro.com.ar\/sitio\/wp-json\/wp\/v2\/users\/4"}],"replies":[{"embeddable":true,"href":"https:\/\/eldiariodesanpedro.com.ar\/sitio\/wp-json\/wp\/v2\/comments?post=2032"}],"version-history":[{"count":1,"href":"https:\/\/eldiariodesanpedro.com.ar\/sitio\/wp-json\/wp\/v2\/posts\/2032\/revisions"}],"predecessor-version":[{"id":2035,"href":"https:\/\/eldiariodesanpedro.com.ar\/sitio\/wp-json\/wp\/v2\/posts\/2032\/revisions\/2035"}],"wp:featuredmedia":[{"embeddable":true,"href":"https:\/\/eldiariodesanpedro.com.ar\/sitio\/wp-json\/wp\/v2\/media\/2034"}],"wp:attachment":[{"href":"https:\/\/eldiariodesanpedro.com.ar\/sitio\/wp-json\/wp\/v2\/media?parent=2032"}],"wp:term":[{"taxonomy":"category","embeddable":true,"href":"https:\/\/eldiariodesanpedro.com.ar\/sitio\/wp-json\/wp\/v2\/categories?post=2032"},{"taxonomy":"post_tag","embeddable":true,"href":"https:\/\/eldiariodesanpedro.com.ar\/sitio\/wp-json\/wp\/v2\/tags?post=2032"}],"curies":[{"name":"wp","href":"https:\/\/api.w.org\/{rel}","templated":true}]}}