{"id":2023,"date":"2016-02-24T11:21:35","date_gmt":"2016-02-24T14:21:35","guid":{"rendered":"http:\/\/www.eldiariodesanpedro.com.ar\/?p=2023"},"modified":"2016-02-24T11:21:35","modified_gmt":"2016-02-24T14:21:35","slug":"el-intendente-recibio-a-julio-alsogaray","status":"publish","type":"post","link":"https:\/\/eldiariodesanpedro.com.ar\/sitio\/el-intendente-recibio-a-julio-alsogaray\/","title":{"rendered":"El intendente recibio a Julio Alsogaray"},"content":{"rendered":"<p><!-- VideographyWP Plugin Message: Automatic video embedding prevented by plugin options. --><br \/>\nEn la jornada de ayer en su despacho, el intendente municipal Cecilio Salazar, recibi\u00f3 al deportista sampedrino Julio Alsogaray.<br \/>\nEl motivo del encuentro fue expresarle las felicitaciones correspondientes, luego que el timonel clasificar\u00e1 d\u00edas atr\u00e1s, para los Juegos Ol\u00edmpicos de R\u00edo de Janeiro 2016, en su Clase Laser Standart de Vela.<br \/>\nEl Jefe Comunal estaba acompa\u00f1ado por el Director de Deportes, Fernando Bennazar y manifestaron su apoyo a Alsogaray como as\u00ed tambi\u00e9n, a todos los representantes de nuestra ciudad, que se encuentran participando tanto en competencias nacionales como internacionales. Y resaltaron la importancia de incentivar y fomentar el Deporte como herramienta de desarrollo social y cultural.<\/p>\n","protected":false},"excerpt":{"rendered":"<p>En la jornada de ayer en su despacho, el intendente municipal Cecilio Salazar, recibi\u00f3 al deportista sampedrino Julio Alsogaray. El motivo del encuentro fue expresarle las felicitaciones correspondientes, luego que el timonel clasificar\u00e1 d\u00edas atr\u00e1s, para los Juegos Ol\u00edmpicos de R\u00edo de Janeiro 2016, en su Clase Laser Standart de Vela. El Jefe Comunal estaba [&hellip;]<\/p>\n","protected":false},"author":4,"featured_media":2025,"comment_status":"open","ping_status":"closed","sticky":false,"template":"","format":"standard","meta":{"om_disable_all_campaigns":false,"_jetpack_memberships_contains_paid_content":false,"footnotes":""},"categories":[2,102],"tags":[],"class_list":["post-2023","post","type-post","status-publish","format-standard","has-post-thumbnail","hentry","category-locales","category-politica-locales"],"aioseo_notices":[],"gutentor_comment":0,"jetpack_featured_media_url":"https:\/\/eldiariodesanpedro.com.ar\/sitio\/wp-content\/uploads\/2016\/02\/PAGINA-4.jpg","jetpack_shortlink":"https:\/\/wp.me\/p6RhLt-wD","jetpack_sharing_enabled":true,"_links":{"self":[{"href":"https:\/\/eldiariodesanpedro.com.ar\/sitio\/wp-json\/wp\/v2\/posts\/2023","targetHints":{"allow":["GET"]}}],"collection":[{"href":"https:\/\/eldiariodesanpedro.com.ar\/sitio\/wp-json\/wp\/v2\/posts"}],"about":[{"href":"https:\/\/eldiariodesanpedro.com.ar\/sitio\/wp-json\/wp\/v2\/types\/post"}],"author":[{"embeddable":true,"href":"https:\/\/eldiariodesanpedro.com.ar\/sitio\/wp-json\/wp\/v2\/users\/4"}],"replies":[{"embeddable":true,"href":"https:\/\/eldiariodesanpedro.com.ar\/sitio\/wp-json\/wp\/v2\/comments?post=2023"}],"version-history":[{"count":1,"href":"https:\/\/eldiariodesanpedro.com.ar\/sitio\/wp-json\/wp\/v2\/posts\/2023\/revisions"}],"predecessor-version":[{"id":2026,"href":"https:\/\/eldiariodesanpedro.com.ar\/sitio\/wp-json\/wp\/v2\/posts\/2023\/revisions\/2026"}],"wp:featuredmedia":[{"embeddable":true,"href":"https:\/\/eldiariodesanpedro.com.ar\/sitio\/wp-json\/wp\/v2\/media\/2025"}],"wp:attachment":[{"href":"https:\/\/eldiariodesanpedro.com.ar\/sitio\/wp-json\/wp\/v2\/media?parent=2023"}],"wp:term":[{"taxonomy":"category","embeddable":true,"href":"https:\/\/eldiariodesanpedro.com.ar\/sitio\/wp-json\/wp\/v2\/categories?post=2023"},{"taxonomy":"post_tag","embeddable":true,"href":"https:\/\/eldiariodesanpedro.com.ar\/sitio\/wp-json\/wp\/v2\/tags?post=2023"}],"curies":[{"name":"wp","href":"https:\/\/api.w.org\/{rel}","templated":true}]}}