{"id":2020,"date":"2016-02-24T10:32:30","date_gmt":"2016-02-24T13:32:30","guid":{"rendered":"http:\/\/www.eldiariodesanpedro.com.ar\/?p=2020"},"modified":"2016-02-24T10:32:30","modified_gmt":"2016-02-24T13:32:30","slug":"tres-detenidos-con-motos-robadas","status":"publish","type":"post","link":"https:\/\/eldiariodesanpedro.com.ar\/sitio\/tres-detenidos-con-motos-robadas\/","title":{"rendered":"Tres detenidos con motos robadas"},"content":{"rendered":"<p><!-- VideographyWP Plugin Message: Automatic video embedding prevented by plugin options. --><br \/>\nEn pirmer lugar ayer promediando la tarde, personal policial de la Comisaria, en inmediaciones de Mateo Sbert y Lucio Mansilla, procedi\u00f3 a la aprehensi\u00f3n de masculino mayor de edad oriundo del Barrio San Francisco de esta ciudad, que se movilizaba en  motocicleta de 110 cc la cual hab\u00eda sido denunciada en sede policial horas de la ma\u00f1ana de ayer por una mujer mayor de edad, por resultar sustra\u00edda de la vereda de su domicilio particular ubicado en el radio urbano de San pedro.  Se dio inervencion UFI nro. 7 San Pedro, permaneciendo el aprehendido a disposici\u00f3n de ese estamento, mientras el rodado fue restituido a damnificada.<\/p>\n<p>Durante el mismo dia po la tarde, personal policial de la Comisaria, en inmediaciones de Alvarado y Ansaloni, procedi\u00f3 a la aprehensi\u00f3n de masculino de 14 a\u00f1os de edad, que se movilizaba en  motocicleta de 110 cc la cual registraba pedido de secuestro activo por haber sido denunciada en un hecho de hurto en el mes de Diciembre del a\u00f1o 2015. Se dio intervenci\u00f3n UFI del Fuero de la Responsabilidad Penal Juvenil de San Pedro. El joven notificado formalmente de las actuaciones judiciales, fue restituido a sus padres.<\/p>\n<p>Y por ultimo, tambien este martes promediando las 13:00 hs, personal policial de la Comisaria y en servicio, en inmediaciones de Sarmiento y Juan B. Justo  procedi\u00f3 a la aprehensi\u00f3n de masculino mayor de edad oriundo del Barrio San Francisco, que se movilizaba en una motocicleta de 150 cc la cual hab\u00eda sido denunciada en sede policial momentos antes por un ciudadano mayor de edad, por resultar sustra\u00edda de la vereda de un domicilio particular ubicado en el radio urbano de San Pedro. Intervino UFI Nro. 7  San Pedro, permaneciendo el aprehendido a disposici\u00f3n de ese estamento, mientras el rodado fue restituido a damnificado.<br \/>\nCabe destacar que este ultimo detenido deberia estar cumpliendo un arresto domiciliario, tal lo dispuesto por el Juzgado de garant\u00edas de San Nicolas, como beneficio de reciente salida de unidad carcelaria, debiendo estar a la espera de directivas judiciales respecto a ese hecho.<\/p>\n","protected":false},"excerpt":{"rendered":"<p>En pirmer lugar ayer promediando la tarde, personal policial de la Comisaria, en inmediaciones de Mateo Sbert y Lucio Mansilla, procedi\u00f3 a la aprehensi\u00f3n de masculino mayor de edad oriundo del Barrio San Francisco de esta ciudad, que se movilizaba en motocicleta de 110 cc la cual hab\u00eda sido denunciada en sede policial horas de [&hellip;]<\/p>\n","protected":false},"author":4,"featured_media":1892,"comment_status":"open","ping_status":"closed","sticky":false,"template":"","format":"standard","meta":{"om_disable_all_campaigns":false,"_jetpack_memberships_contains_paid_content":false,"footnotes":""},"categories":[50,2,103],"tags":[],"class_list":["post-2020","post","type-post","status-publish","format-standard","has-post-thumbnail","hentry","category-destacadas","category-locales","category-policiales-locales"],"aioseo_notices":[],"gutentor_comment":0,"jetpack_featured_media_url":"https:\/\/eldiariodesanpedro.com.ar\/sitio\/wp-content\/uploads\/2016\/01\/Detenido.jpg","jetpack_shortlink":"https:\/\/wp.me\/p6RhLt-wA","jetpack_sharing_enabled":true,"_links":{"self":[{"href":"https:\/\/eldiariodesanpedro.com.ar\/sitio\/wp-json\/wp\/v2\/posts\/2020","targetHints":{"allow":["GET"]}}],"collection":[{"href":"https:\/\/eldiariodesanpedro.com.ar\/sitio\/wp-json\/wp\/v2\/posts"}],"about":[{"href":"https:\/\/eldiariodesanpedro.com.ar\/sitio\/wp-json\/wp\/v2\/types\/post"}],"author":[{"embeddable":true,"href":"https:\/\/eldiariodesanpedro.com.ar\/sitio\/wp-json\/wp\/v2\/users\/4"}],"replies":[{"embeddable":true,"href":"https:\/\/eldiariodesanpedro.com.ar\/sitio\/wp-json\/wp\/v2\/comments?post=2020"}],"version-history":[{"count":1,"href":"https:\/\/eldiariodesanpedro.com.ar\/sitio\/wp-json\/wp\/v2\/posts\/2020\/revisions"}],"predecessor-version":[{"id":2022,"href":"https:\/\/eldiariodesanpedro.com.ar\/sitio\/wp-json\/wp\/v2\/posts\/2020\/revisions\/2022"}],"wp:featuredmedia":[{"embeddable":true,"href":"https:\/\/eldiariodesanpedro.com.ar\/sitio\/wp-json\/wp\/v2\/media\/1892"}],"wp:attachment":[{"href":"https:\/\/eldiariodesanpedro.com.ar\/sitio\/wp-json\/wp\/v2\/media?parent=2020"}],"wp:term":[{"taxonomy":"category","embeddable":true,"href":"https:\/\/eldiariodesanpedro.com.ar\/sitio\/wp-json\/wp\/v2\/categories?post=2020"},{"taxonomy":"post_tag","embeddable":true,"href":"https:\/\/eldiariodesanpedro.com.ar\/sitio\/wp-json\/wp\/v2\/tags?post=2020"}],"curies":[{"name":"wp","href":"https:\/\/api.w.org\/{rel}","templated":true}]}}