{"id":2007,"date":"2016-02-23T21:59:15","date_gmt":"2016-02-24T00:59:15","guid":{"rendered":"http:\/\/www.eldiariodesanpedro.com.ar\/?p=2007"},"modified":"2016-02-23T21:59:15","modified_gmt":"2016-02-24T00:59:15","slug":"el-perro-fiel-que-se-nego-a-abandonar-a-su-amo-cuando-tuvo-que-ir-al-hospital","status":"publish","type":"post","link":"https:\/\/eldiariodesanpedro.com.ar\/sitio\/el-perro-fiel-que-se-nego-a-abandonar-a-su-amo-cuando-tuvo-que-ir-al-hospital\/","title":{"rendered":"El perro fiel que se neg\u00f3 a abandonar a su amo cuando tuvo que ir al hospital"},"content":{"rendered":"<p><!-- VideographyWP Plugin Message: Automatic video embedding prevented by plugin options. --><br \/>\nUn ni\u00f1o de 9 a\u00f1os, es autista, y su perro, un labrador negro procura mantenerlo a salvo. James no habla y se estremece cuando lo tocan y al tener contacto visual, pero con Mahe las cosas son diferentes. James se acurruca felizmente con Mahe.<br \/>\nCuando James tuvo que ir al hospital para una resonancia magn\u00e9tica que le ayudar\u00eda a diagnosticar sus convulsiones, su madre estaba preocupada, pero fue un alivio saber que se permitir\u00eda que Mahe acompa\u00f1ara a James al hospital.<br \/>\nCuando James fue anestesiado, Mahe mir\u00f3 atentamente.<br \/>\nLa vida de James ha mejorado desde que Mahe lleg\u00f3 a su vida hace dos a\u00f1os. Mahe lo mantiene a salvo, de hecho si James corre hacia una calle concurrida el perro simplemente se detiene para evitar da\u00f1os a James.<br \/>\nJames puede mantener contacto visual con Mahe, pero no con sus padres y hermanos. El hermoso cuidado que Mahe le da al ni\u00f1o autista ha sido reconocido en las redes sociales. Desde que las foto se publicaron en Facebook, muchas personas han compartido la historia.<\/p>\n","protected":false},"excerpt":{"rendered":"<p>Un ni\u00f1o de 9 a\u00f1os, es autista, y su perro, un labrador negro procura mantenerlo a salvo. James no habla y se estremece cuando lo tocan y al tener contacto visual, pero con Mahe las cosas son diferentes. James se acurruca felizmente con Mahe. Cuando James tuvo que ir al hospital para una resonancia magn\u00e9tica [&hellip;]<\/p>\n","protected":false},"author":4,"featured_media":2009,"comment_status":"open","ping_status":"closed","sticky":false,"template":"","format":"standard","meta":{"om_disable_all_campaigns":false,"_jetpack_memberships_contains_paid_content":false,"footnotes":""},"categories":[2],"tags":[],"class_list":["post-2007","post","type-post","status-publish","format-standard","has-post-thumbnail","hentry","category-locales"],"aioseo_notices":[],"gutentor_comment":0,"jetpack_featured_media_url":"https:\/\/eldiariodesanpedro.com.ar\/sitio\/wp-content\/uploads\/2016\/02\/El-perro-que-se-neg\u00f3-a-abandonar-a-su-amo-autista-cuando-tuvo-que-ir-al-hospital.jpg","jetpack_shortlink":"https:\/\/wp.me\/p6RhLt-wn","jetpack_sharing_enabled":true,"_links":{"self":[{"href":"https:\/\/eldiariodesanpedro.com.ar\/sitio\/wp-json\/wp\/v2\/posts\/2007","targetHints":{"allow":["GET"]}}],"collection":[{"href":"https:\/\/eldiariodesanpedro.com.ar\/sitio\/wp-json\/wp\/v2\/posts"}],"about":[{"href":"https:\/\/eldiariodesanpedro.com.ar\/sitio\/wp-json\/wp\/v2\/types\/post"}],"author":[{"embeddable":true,"href":"https:\/\/eldiariodesanpedro.com.ar\/sitio\/wp-json\/wp\/v2\/users\/4"}],"replies":[{"embeddable":true,"href":"https:\/\/eldiariodesanpedro.com.ar\/sitio\/wp-json\/wp\/v2\/comments?post=2007"}],"version-history":[{"count":1,"href":"https:\/\/eldiariodesanpedro.com.ar\/sitio\/wp-json\/wp\/v2\/posts\/2007\/revisions"}],"predecessor-version":[{"id":2010,"href":"https:\/\/eldiariodesanpedro.com.ar\/sitio\/wp-json\/wp\/v2\/posts\/2007\/revisions\/2010"}],"wp:featuredmedia":[{"embeddable":true,"href":"https:\/\/eldiariodesanpedro.com.ar\/sitio\/wp-json\/wp\/v2\/media\/2009"}],"wp:attachment":[{"href":"https:\/\/eldiariodesanpedro.com.ar\/sitio\/wp-json\/wp\/v2\/media?parent=2007"}],"wp:term":[{"taxonomy":"category","embeddable":true,"href":"https:\/\/eldiariodesanpedro.com.ar\/sitio\/wp-json\/wp\/v2\/categories?post=2007"},{"taxonomy":"post_tag","embeddable":true,"href":"https:\/\/eldiariodesanpedro.com.ar\/sitio\/wp-json\/wp\/v2\/tags?post=2007"}],"curies":[{"name":"wp","href":"https:\/\/api.w.org\/{rel}","templated":true}]}}