{"id":1995,"date":"2016-02-23T21:17:14","date_gmt":"2016-02-24T00:17:14","guid":{"rendered":"http:\/\/www.eldiariodesanpedro.com.ar\/?p=1995"},"modified":"2016-02-23T21:17:14","modified_gmt":"2016-02-24T00:17:14","slug":"la-acefalia-puerto-continua-ministro-la-niega","status":"publish","type":"post","link":"https:\/\/eldiariodesanpedro.com.ar\/sitio\/la-acefalia-puerto-continua-ministro-la-niega\/","title":{"rendered":"La acefal\u00eda en el Puerto contin\u00faa y el ministro la niega"},"content":{"rendered":"<p><!-- VideographyWP Plugin Message: Automatic video embedding prevented by plugin options. --><br \/>\nTranscurridas varias semanas desde las notas en las que expresamos nuestra preocupaci\u00f3n por la demora incomprensible en la designaci\u00f3n de un nuevo Presidente del Consorcio de Gesti\u00f3n del Puerto de San Pedro, el Ministro de la Producci\u00f3n de la Provincia de Buenos Aires Jorge Elustondo, ha sumado un cap\u00edtulo m\u00e1s a la confusi\u00f3n que hoy se vive de cara a la pr\u00f3xima temporada.<br \/>\nEl funcionario provincial en una nota publicada en el Diario La Naci\u00f3n, ha expresado que \u00abel asume todas las funciones del \u00e1rea\u00bb y que todav\u00eda no se ha designado a un Subsecretario de Puertos y a funcionarios en reparticiones como el Consorcio de San Pedro, porque est\u00e1n realizando un diagn\u00f3stico general.<br \/>\nAnte esto nos preguntamos qu\u00e9 tanto puede haber cambiado la pol\u00edtica portuaria a nivel nacional y provincial como para no tomar estas decisiones y qu\u00e9 tipo de intereses son los que se pretenden proteger al someter a puertos como el de San Pedro al riesgo de perder movimiento econ\u00f3mico y fuentes de trabajo.<br \/>\nConsideramos muy interesante que se planifique una pol\u00edtica coincidente desde la Naci\u00f3n y desde la Provincia pero creemos que  hay determinaciones estrat\u00e9gicas que deben ir tomando y que hoy no llegan, perjudicando seriamente a comunidades como la nuestra.<br \/>\nEsperamos que ese diagn\u00f3stico concluya lo antes posible para que de una vez por todas se encamine el funcionamiento de todos los puertos y que especialmente en el de San Pedro se consideren antecedentes y aptitudes antes de designar a un funcionario con una enorme responsabilidad en un momento sumamente delicado. <\/p>\n","protected":false},"excerpt":{"rendered":"<p>Transcurridas varias semanas desde las notas en las que expresamos nuestra preocupaci\u00f3n por la demora incomprensible en la designaci\u00f3n de un nuevo Presidente del Consorcio de Gesti\u00f3n del Puerto de San Pedro, el Ministro de la Producci\u00f3n de la Provincia de Buenos Aires Jorge Elustondo, ha sumado un cap\u00edtulo m\u00e1s a la confusi\u00f3n que hoy [&hellip;]<\/p>\n","protected":false},"author":4,"featured_media":1997,"comment_status":"open","ping_status":"closed","sticky":false,"template":"","format":"standard","meta":{"om_disable_all_campaigns":false,"_jetpack_memberships_contains_paid_content":false,"footnotes":""},"categories":[101,2],"tags":[],"class_list":["post-1995","post","type-post","status-publish","format-standard","has-post-thumbnail","hentry","category-interes-general-locales","category-locales"],"aioseo_notices":[],"gutentor_comment":0,"jetpack_featured_media_url":"https:\/\/eldiariodesanpedro.com.ar\/sitio\/wp-content\/uploads\/2016\/02\/elustondo.jpg","jetpack_shortlink":"https:\/\/wp.me\/p6RhLt-wb","jetpack_sharing_enabled":true,"_links":{"self":[{"href":"https:\/\/eldiariodesanpedro.com.ar\/sitio\/wp-json\/wp\/v2\/posts\/1995","targetHints":{"allow":["GET"]}}],"collection":[{"href":"https:\/\/eldiariodesanpedro.com.ar\/sitio\/wp-json\/wp\/v2\/posts"}],"about":[{"href":"https:\/\/eldiariodesanpedro.com.ar\/sitio\/wp-json\/wp\/v2\/types\/post"}],"author":[{"embeddable":true,"href":"https:\/\/eldiariodesanpedro.com.ar\/sitio\/wp-json\/wp\/v2\/users\/4"}],"replies":[{"embeddable":true,"href":"https:\/\/eldiariodesanpedro.com.ar\/sitio\/wp-json\/wp\/v2\/comments?post=1995"}],"version-history":[{"count":1,"href":"https:\/\/eldiariodesanpedro.com.ar\/sitio\/wp-json\/wp\/v2\/posts\/1995\/revisions"}],"predecessor-version":[{"id":1998,"href":"https:\/\/eldiariodesanpedro.com.ar\/sitio\/wp-json\/wp\/v2\/posts\/1995\/revisions\/1998"}],"wp:featuredmedia":[{"embeddable":true,"href":"https:\/\/eldiariodesanpedro.com.ar\/sitio\/wp-json\/wp\/v2\/media\/1997"}],"wp:attachment":[{"href":"https:\/\/eldiariodesanpedro.com.ar\/sitio\/wp-json\/wp\/v2\/media?parent=1995"}],"wp:term":[{"taxonomy":"category","embeddable":true,"href":"https:\/\/eldiariodesanpedro.com.ar\/sitio\/wp-json\/wp\/v2\/categories?post=1995"},{"taxonomy":"post_tag","embeddable":true,"href":"https:\/\/eldiariodesanpedro.com.ar\/sitio\/wp-json\/wp\/v2\/tags?post=1995"}],"curies":[{"name":"wp","href":"https:\/\/api.w.org\/{rel}","templated":true}]}}