{"id":1987,"date":"2016-02-23T20:57:17","date_gmt":"2016-02-23T23:57:17","guid":{"rendered":"http:\/\/www.eldiariodesanpedro.com.ar\/?p=1987"},"modified":"2016-02-23T20:58:52","modified_gmt":"2016-02-23T23:58:52","slug":"ahora-no-se-iniciarian-las-clases-proximo-lunes","status":"publish","type":"post","link":"https:\/\/eldiariodesanpedro.com.ar\/sitio\/ahora-no-se-iniciarian-las-clases-proximo-lunes\/","title":{"rendered":"Por ahora no se iniciar\u00edan las clases el pr\u00f3ximo lunes"},"content":{"rendered":"<p><!-- VideographyWP Plugin Message: Automatic video embedding prevented by plugin options. --><br \/>\nLas negociaciones est\u00e1n \u201cparalizadas\u201d, asegur\u00f3 la dirigente Mirta Petrocini y responsabiliz\u00f3 al Gobierno: \u201cEs un acto grave de irresponsabilidad y nos colocaron a los docentes en esta situaci\u00f3n\u201d.<br \/>\nA una semana del inicio del ciclo lectivo y con las negociaciones paritarias suspendidas, la titular de la Federaci\u00f3n de Educadores Bonaerense (FEB), Mirta Petrocini, calific\u00f3 de \u201cpapel\u00f3n\u201d la suspensi\u00f3n del acuerdo nacional y dijo que la situaci\u00f3n est\u00e1 \u201cparalizada\u201d.<br \/>\n\u201cEstamos en una situaci\u00f3n paralizada en t\u00e9rminos de negociaciones. Es sorprendente y un papel\u00f3n esto de anunciar un incremento y despu\u00e9s desdecirse\u201d, dijo Petrocini en di\u00e1logo con un medio platense. Para la dirigente gremial, la decisi\u00f3n del Gobierno nacional es \u201csorprendente, in\u00e9dita y pone en riesgo a todas las provincias\u201d.<br \/>\nSin fecha prevista para volver a discutir el aumento para 2016 y a contrareloj, los gremios responsabilizan al Ejecutivo por \u201cponer a los docentes en esta situaci\u00f3n\u201d y aseguran que se trata de \u201cun acto grave de irresponsabilidad\u201d.<br \/>\nPetrocini agreg\u00f3, adem\u00e1s, que la actitud del Gobierno deja \u201cde manifiesto que s\u00ed hay un techo para la discusi\u00f3n salarial en funci\u00f3n de que m\u00e1s del 25 por ciento no podemos hablar, cuando nosotros tenemos que recuperar el poder adquisitivo desde noviembre y hacer frente a la inflaci\u00f3n que sigue corriendo todos los d\u00edas\u201d.<br \/>\nAdem\u00e1s, consider\u00f3 en una entrevista radial \u00abun bochorno\u00bb la s\u00fabita contramarcha del Gobierno nacional en la paritaria docente, tras acordar un aumento salarial en cuotas que totalizaba el 40 por ciento de incremento reclamado por los sindicatos del sector.<br \/>\n\u00abLa postura del Gobierno le pone un manto de incertidumbre a las negociaciones y al inicio de clases. Le est\u00e1n poniendo un techo a las negociaciones\u00bb, alert\u00f3.<br \/>\nPara finalizar, denunci\u00f3 que \u00abSe retrotrajo la negociaci\u00f3n. Estaba todo anunciado y presentado y finalmente el<br \/>\nGobierno no quiso formalizar. Esto es un bochorno. Hubo una propuesta que se anunci\u00f3 y que luego se desmiente y se cae\u00bb, resumi\u00f3 Petrocini.<\/p>\n","protected":false},"excerpt":{"rendered":"<p>Las negociaciones est\u00e1n \u201cparalizadas\u201d, asegur\u00f3 la dirigente Mirta Petrocini y responsabiliz\u00f3 al Gobierno: \u201cEs un acto grave de irresponsabilidad y nos colocaron a los docentes en esta situaci\u00f3n\u201d. A una semana del inicio del ciclo lectivo y con las negociaciones paritarias suspendidas, la titular de la Federaci\u00f3n de Educadores Bonaerense (FEB), Mirta Petrocini, calific\u00f3 de [&hellip;]<\/p>\n","protected":false},"author":4,"featured_media":1989,"comment_status":"open","ping_status":"closed","sticky":false,"template":"","format":"standard","meta":{"om_disable_all_campaigns":false,"_jetpack_memberships_contains_paid_content":false,"footnotes":""},"categories":[101,2],"tags":[],"class_list":["post-1987","post","type-post","status-publish","format-standard","has-post-thumbnail","hentry","category-interes-general-locales","category-locales"],"aioseo_notices":[],"gutentor_comment":0,"jetpack_featured_media_url":"https:\/\/eldiariodesanpedro.com.ar\/sitio\/wp-content\/uploads\/2016\/02\/PAGINA-6-UNO.jpg","jetpack_shortlink":"https:\/\/wp.me\/p6RhLt-w3","jetpack_sharing_enabled":true,"_links":{"self":[{"href":"https:\/\/eldiariodesanpedro.com.ar\/sitio\/wp-json\/wp\/v2\/posts\/1987","targetHints":{"allow":["GET"]}}],"collection":[{"href":"https:\/\/eldiariodesanpedro.com.ar\/sitio\/wp-json\/wp\/v2\/posts"}],"about":[{"href":"https:\/\/eldiariodesanpedro.com.ar\/sitio\/wp-json\/wp\/v2\/types\/post"}],"author":[{"embeddable":true,"href":"https:\/\/eldiariodesanpedro.com.ar\/sitio\/wp-json\/wp\/v2\/users\/4"}],"replies":[{"embeddable":true,"href":"https:\/\/eldiariodesanpedro.com.ar\/sitio\/wp-json\/wp\/v2\/comments?post=1987"}],"version-history":[{"count":1,"href":"https:\/\/eldiariodesanpedro.com.ar\/sitio\/wp-json\/wp\/v2\/posts\/1987\/revisions"}],"predecessor-version":[{"id":1990,"href":"https:\/\/eldiariodesanpedro.com.ar\/sitio\/wp-json\/wp\/v2\/posts\/1987\/revisions\/1990"}],"wp:featuredmedia":[{"embeddable":true,"href":"https:\/\/eldiariodesanpedro.com.ar\/sitio\/wp-json\/wp\/v2\/media\/1989"}],"wp:attachment":[{"href":"https:\/\/eldiariodesanpedro.com.ar\/sitio\/wp-json\/wp\/v2\/media?parent=1987"}],"wp:term":[{"taxonomy":"category","embeddable":true,"href":"https:\/\/eldiariodesanpedro.com.ar\/sitio\/wp-json\/wp\/v2\/categories?post=1987"},{"taxonomy":"post_tag","embeddable":true,"href":"https:\/\/eldiariodesanpedro.com.ar\/sitio\/wp-json\/wp\/v2\/tags?post=1987"}],"curies":[{"name":"wp","href":"https:\/\/api.w.org\/{rel}","templated":true}]}}