{"id":1983,"date":"2016-02-23T20:56:00","date_gmt":"2016-02-23T23:56:00","guid":{"rendered":"http:\/\/www.eldiariodesanpedro.com.ar\/?p=1983"},"modified":"2016-02-23T20:56:00","modified_gmt":"2016-02-23T23:56:00","slug":"la-provincia-enviara-dos-millones-pesos-al-municipio","status":"publish","type":"post","link":"https:\/\/eldiariodesanpedro.com.ar\/sitio\/la-provincia-enviara-dos-millones-pesos-al-municipio\/","title":{"rendered":"La Provincia enviar\u00e1 dos millones de pesos al municipio"},"content":{"rendered":"<p><!-- VideographyWP Plugin Message: Automatic video embedding prevented by plugin options. --><br \/>\nEl Subsecretario de Asuntos Municipales, Alex Campbell, en su corta visita por San Pedro confirm\u00f3 el env\u00edo de fondos por parte de la provincia. En el despacho del Intendente Cecilio Salazar dijo que \u201ces una deuda que ten\u00eda la gesti\u00f3n anterior\u201d y anticip\u00f3 que \u201cnos pondremos al d\u00eda para que San Pedro reciba lo que corresponde.<br \/>\n En declaraciones a los medios locales,Campbell elogi\u00f3 la decisi\u00f3n del gobierno municipal de aumentar las tasas, aunque desconoci\u00f3 el proceso por el que la oposici\u00f3n en el HCD (hoy oficialismo) rechaz\u00f3 intentos similares de anteriores gobiernos.<br \/>\nEl Ministerio de Econom\u00eda de la provincia de Buenos Aires se comprometi\u00f3 a girar a la Municipalidad de San Pedro m\u00e1s de dos millones de pesos en fondos coparticipable adeudados.<br \/>\nCampbell destaco que \u201cotros intendentes no asumieron el costo pol\u00edtico del aumento de tasas. Hay que hacerlo, porque los intendentes anteriores no tomaron cartas en el asunto para no correr con el riesgo pol\u00edtico, que gener\u00f3 un d\u00e9ficit que no permite invertir la situaci\u00f3n\u201d sostuvo el funcionario provincial.<br \/>\n\u201cRespeto la valent\u00eda del intendente de tomar esta decisi\u00f3n con el resto del equipo. Se trata realmente de lograr equilibrar con la inflaci\u00f3n que venimos teniendo\u201d, manifest\u00f3 a la prensa.<\/p>\n","protected":false},"excerpt":{"rendered":"<p>El Subsecretario de Asuntos Municipales, Alex Campbell, en su corta visita por San Pedro confirm\u00f3 el env\u00edo de fondos por parte de la provincia. En el despacho del Intendente Cecilio Salazar dijo que \u201ces una deuda que ten\u00eda la gesti\u00f3n anterior\u201d y anticip\u00f3 que \u201cnos pondremos al d\u00eda para que San Pedro reciba lo que [&hellip;]<\/p>\n","protected":false},"author":4,"featured_media":1985,"comment_status":"open","ping_status":"closed","sticky":false,"template":"","format":"standard","meta":{"om_disable_all_campaigns":false,"_jetpack_memberships_contains_paid_content":false,"footnotes":""},"categories":[2,102],"tags":[],"class_list":["post-1983","post","type-post","status-publish","format-standard","has-post-thumbnail","hentry","category-locales","category-politica-locales"],"aioseo_notices":[],"gutentor_comment":0,"jetpack_featured_media_url":"https:\/\/eldiariodesanpedro.com.ar\/sitio\/wp-content\/uploads\/2016\/02\/20-cambpell.jpg","jetpack_shortlink":"https:\/\/wp.me\/p6RhLt-vZ","jetpack_sharing_enabled":true,"_links":{"self":[{"href":"https:\/\/eldiariodesanpedro.com.ar\/sitio\/wp-json\/wp\/v2\/posts\/1983","targetHints":{"allow":["GET"]}}],"collection":[{"href":"https:\/\/eldiariodesanpedro.com.ar\/sitio\/wp-json\/wp\/v2\/posts"}],"about":[{"href":"https:\/\/eldiariodesanpedro.com.ar\/sitio\/wp-json\/wp\/v2\/types\/post"}],"author":[{"embeddable":true,"href":"https:\/\/eldiariodesanpedro.com.ar\/sitio\/wp-json\/wp\/v2\/users\/4"}],"replies":[{"embeddable":true,"href":"https:\/\/eldiariodesanpedro.com.ar\/sitio\/wp-json\/wp\/v2\/comments?post=1983"}],"version-history":[{"count":1,"href":"https:\/\/eldiariodesanpedro.com.ar\/sitio\/wp-json\/wp\/v2\/posts\/1983\/revisions"}],"predecessor-version":[{"id":1986,"href":"https:\/\/eldiariodesanpedro.com.ar\/sitio\/wp-json\/wp\/v2\/posts\/1983\/revisions\/1986"}],"wp:featuredmedia":[{"embeddable":true,"href":"https:\/\/eldiariodesanpedro.com.ar\/sitio\/wp-json\/wp\/v2\/media\/1985"}],"wp:attachment":[{"href":"https:\/\/eldiariodesanpedro.com.ar\/sitio\/wp-json\/wp\/v2\/media?parent=1983"}],"wp:term":[{"taxonomy":"category","embeddable":true,"href":"https:\/\/eldiariodesanpedro.com.ar\/sitio\/wp-json\/wp\/v2\/categories?post=1983"},{"taxonomy":"post_tag","embeddable":true,"href":"https:\/\/eldiariodesanpedro.com.ar\/sitio\/wp-json\/wp\/v2\/tags?post=1983"}],"curies":[{"name":"wp","href":"https:\/\/api.w.org\/{rel}","templated":true}]}}