{"id":19792,"date":"2017-06-15T18:33:37","date_gmt":"2017-06-15T21:33:37","guid":{"rendered":"https:\/\/eldiariodesanpedro.com.ar\/sitio\/?p=19792"},"modified":"2017-06-15T18:33:37","modified_gmt":"2017-06-15T21:33:37","slug":"dia-del-empleado-de-ioma","status":"publish","type":"post","link":"https:\/\/eldiariodesanpedro.com.ar\/sitio\/dia-del-empleado-de-ioma\/","title":{"rendered":"D\u00eda del Empleado de IOMA"},"content":{"rendered":"<p><!-- VideographyWP Plugin Message: Automatic video embedding prevented by plugin options. --><br \/>\nLas oficinas de IOMA permanecer\u00e1n cerradas hoy por conmemorarse el D\u00eda del Empleado de IOMA. La jornada fue establecida mediante el Decreto N\u00b0 772\/01. Las actividades se retomar\u00e1n el pr\u00f3ximo lunes.<\/p>\n<p>IOMA fue creada el 20 febrero de 1957 con el Decreto- Ley N\u00ba 2452, sancionando en acuerdo de Ministros por la intervenci\u00f3n federal de la provincia de Buenos Aires. De esta manera IOMA cumple sus primeros 60 a\u00f1os de vida y brinda cobertura a m\u00e1s de dos millones de bonaerenses. <\/p>\n","protected":false},"excerpt":{"rendered":"<p>Las oficinas de IOMA permanecer\u00e1n cerradas hoy por conmemorarse el D\u00eda del Empleado de IOMA. La jornada fue establecida mediante el Decreto N\u00b0 772\/01. Las actividades se retomar\u00e1n el pr\u00f3ximo lunes. IOMA fue creada el 20 febrero de 1957 con el Decreto- Ley N\u00ba 2452, sancionando en acuerdo de Ministros por la intervenci\u00f3n federal de [&hellip;]<\/p>\n","protected":false},"author":4,"featured_media":10437,"comment_status":"open","ping_status":"closed","sticky":false,"template":"","format":"standard","meta":{"om_disable_all_campaigns":false,"_jetpack_memberships_contains_paid_content":false,"footnotes":""},"categories":[101,2],"tags":[],"class_list":["post-19792","post","type-post","status-publish","format-standard","has-post-thumbnail","hentry","category-interes-general-locales","category-locales"],"aioseo_notices":[],"gutentor_comment":0,"jetpack_featured_media_url":"https:\/\/eldiariodesanpedro.com.ar\/sitio\/wp-content\/uploads\/2016\/11\/ioma.jpg","jetpack_shortlink":"https:\/\/wp.me\/p6RhLt-59e","jetpack_sharing_enabled":true,"_links":{"self":[{"href":"https:\/\/eldiariodesanpedro.com.ar\/sitio\/wp-json\/wp\/v2\/posts\/19792","targetHints":{"allow":["GET"]}}],"collection":[{"href":"https:\/\/eldiariodesanpedro.com.ar\/sitio\/wp-json\/wp\/v2\/posts"}],"about":[{"href":"https:\/\/eldiariodesanpedro.com.ar\/sitio\/wp-json\/wp\/v2\/types\/post"}],"author":[{"embeddable":true,"href":"https:\/\/eldiariodesanpedro.com.ar\/sitio\/wp-json\/wp\/v2\/users\/4"}],"replies":[{"embeddable":true,"href":"https:\/\/eldiariodesanpedro.com.ar\/sitio\/wp-json\/wp\/v2\/comments?post=19792"}],"version-history":[{"count":1,"href":"https:\/\/eldiariodesanpedro.com.ar\/sitio\/wp-json\/wp\/v2\/posts\/19792\/revisions"}],"predecessor-version":[{"id":19795,"href":"https:\/\/eldiariodesanpedro.com.ar\/sitio\/wp-json\/wp\/v2\/posts\/19792\/revisions\/19795"}],"wp:featuredmedia":[{"embeddable":true,"href":"https:\/\/eldiariodesanpedro.com.ar\/sitio\/wp-json\/wp\/v2\/media\/10437"}],"wp:attachment":[{"href":"https:\/\/eldiariodesanpedro.com.ar\/sitio\/wp-json\/wp\/v2\/media?parent=19792"}],"wp:term":[{"taxonomy":"category","embeddable":true,"href":"https:\/\/eldiariodesanpedro.com.ar\/sitio\/wp-json\/wp\/v2\/categories?post=19792"},{"taxonomy":"post_tag","embeddable":true,"href":"https:\/\/eldiariodesanpedro.com.ar\/sitio\/wp-json\/wp\/v2\/tags?post=19792"}],"curies":[{"name":"wp","href":"https:\/\/api.w.org\/{rel}","templated":true}]}}