{"id":19791,"date":"2017-06-15T18:25:27","date_gmt":"2017-06-15T21:25:27","guid":{"rendered":"https:\/\/eldiariodesanpedro.com.ar\/sitio\/?p=19791"},"modified":"2017-06-15T18:25:27","modified_gmt":"2017-06-15T21:25:27","slug":"gremios-municipales-rechazaron-la-propuesta-de-incremento-salarial-del-ejecutivo","status":"publish","type":"post","link":"https:\/\/eldiariodesanpedro.com.ar\/sitio\/gremios-municipales-rechazaron-la-propuesta-de-incremento-salarial-del-ejecutivo\/","title":{"rendered":"Gremios municipales rechazaron la propuesta de incremento salarial del Ejecutivo"},"content":{"rendered":"<p><!-- VideographyWP Plugin Message: Automatic video embedding prevented by plugin options. --><br \/>\nEn la tarde del mi\u00e9rcoles se llev\u00f3 a cabo una nueva reuni\u00f3n de la Mesa de Relacionales Laborales, conformada por integrantes del Gabinete Municipal y representantes de los gremios ATe y STM.<\/p>\n<p>Fue rechazado por ambos sindicato el ofrecimiento realizado por el Ejecutivo Municipal, de incremento salarial de un 5% para el segundo trimestre del a\u00f1o. Se encuentran por el momento lejos ambas partes ya que al menos esperan conseguir un aumento del 12% por lo que hay varios puntos de diferencia.<\/p>\n<p>El texto completo del acta, expresa: \u201cEn la ciudad de San Pedro, Provincia de Buenos Aires, a los 14 d\u00edas del mes de Junio de 2017, se re\u00fanen previamente citados, el Secretario de Econom\u00eda y Hacienda, el Secretario de Gobierno el Sr. Silvio Corti, el Secretario de Coordinaci\u00f3n el Dr. Ram\u00f3n Salazar, el Director de Personal el tic. Augusto Ramos, en representaci\u00f3n de la Municipalidad de San Pedro; el Sr. Juan Cruz Acosta y el Sr. Ra\u00fal Ben\u00edtez por el Sindicato de Empleados Municipales (STM) y la Sra Karen Ramallo y el Sr. Gustavo Gauna por la Asociaci\u00f3n de Trabajadores del Estado en reuni\u00f3n paritaria para el tratamiento del incremento salarial de los Empleados Municipales. Abierto el Acto el Secretario de Gobierno expresa el ofrecimiento del municipio teniendo en consideraci\u00f3n el aumento del costo de vida y ofrece un 5% de aumento para el segundo trimestre del a\u00f1o, a pagar el dia 30 de Sumo junto al aguinaldo. Ambos sindicatos rechazan la propuesta y solicitan un aumento del 12% para este segundo trimestre. No llegando a un acuerdo, se programa una segunda reuni\u00f3n para el Ola lunes 19 a las 16 hs\u201d.<\/p>\n","protected":false},"excerpt":{"rendered":"<p>En la tarde del mi\u00e9rcoles se llev\u00f3 a cabo una nueva reuni\u00f3n de la Mesa de Relacionales Laborales, conformada por integrantes del Gabinete Municipal y representantes de los gremios ATe y STM. Fue rechazado por ambos sindicato el ofrecimiento realizado por el Ejecutivo Municipal, de incremento salarial de un 5% para el segundo trimestre del [&hellip;]<\/p>\n","protected":false},"author":4,"featured_media":4495,"comment_status":"open","ping_status":"closed","sticky":false,"template":"","format":"standard","meta":{"om_disable_all_campaigns":false,"_jetpack_memberships_contains_paid_content":false,"footnotes":""},"categories":[2,102],"tags":[],"class_list":["post-19791","post","type-post","status-publish","format-standard","has-post-thumbnail","hentry","category-locales","category-politica-locales"],"aioseo_notices":[],"gutentor_comment":0,"jetpack_featured_media_url":"https:\/\/eldiariodesanpedro.com.ar\/sitio\/wp-content\/uploads\/2016\/05\/Municipalidad.jpg","jetpack_shortlink":"https:\/\/wp.me\/p6RhLt-59d","jetpack_sharing_enabled":true,"_links":{"self":[{"href":"https:\/\/eldiariodesanpedro.com.ar\/sitio\/wp-json\/wp\/v2\/posts\/19791","targetHints":{"allow":["GET"]}}],"collection":[{"href":"https:\/\/eldiariodesanpedro.com.ar\/sitio\/wp-json\/wp\/v2\/posts"}],"about":[{"href":"https:\/\/eldiariodesanpedro.com.ar\/sitio\/wp-json\/wp\/v2\/types\/post"}],"author":[{"embeddable":true,"href":"https:\/\/eldiariodesanpedro.com.ar\/sitio\/wp-json\/wp\/v2\/users\/4"}],"replies":[{"embeddable":true,"href":"https:\/\/eldiariodesanpedro.com.ar\/sitio\/wp-json\/wp\/v2\/comments?post=19791"}],"version-history":[{"count":1,"href":"https:\/\/eldiariodesanpedro.com.ar\/sitio\/wp-json\/wp\/v2\/posts\/19791\/revisions"}],"predecessor-version":[{"id":19793,"href":"https:\/\/eldiariodesanpedro.com.ar\/sitio\/wp-json\/wp\/v2\/posts\/19791\/revisions\/19793"}],"wp:featuredmedia":[{"embeddable":true,"href":"https:\/\/eldiariodesanpedro.com.ar\/sitio\/wp-json\/wp\/v2\/media\/4495"}],"wp:attachment":[{"href":"https:\/\/eldiariodesanpedro.com.ar\/sitio\/wp-json\/wp\/v2\/media?parent=19791"}],"wp:term":[{"taxonomy":"category","embeddable":true,"href":"https:\/\/eldiariodesanpedro.com.ar\/sitio\/wp-json\/wp\/v2\/categories?post=19791"},{"taxonomy":"post_tag","embeddable":true,"href":"https:\/\/eldiariodesanpedro.com.ar\/sitio\/wp-json\/wp\/v2\/tags?post=19791"}],"curies":[{"name":"wp","href":"https:\/\/api.w.org\/{rel}","templated":true}]}}