{"id":1973,"date":"2016-02-23T17:50:59","date_gmt":"2016-02-23T20:50:59","guid":{"rendered":"http:\/\/www.eldiariodesanpedro.com.ar\/?p=1973"},"modified":"2016-02-23T17:50:59","modified_gmt":"2016-02-23T20:50:59","slug":"festival-del-verano-callejero","status":"publish","type":"post","link":"https:\/\/eldiariodesanpedro.com.ar\/sitio\/festival-del-verano-callejero\/","title":{"rendered":"Festival del verano callejero"},"content":{"rendered":"<p><!-- VideographyWP Plugin Message: Automatic video embedding prevented by plugin options. --><br \/>\nTras la reuni\u00f3n mantenida durante la tarde, entre los dirigentes de la Liga Deportiva Sampedrina y el Intendente Cecilio Salazar, la Fiesta del Verano 2016 se realizar\u00e1 en un escenario callejero que se montar\u00e1 en el mismo lugar donde en los \u00faltimos fines de semana se realiz\u00f3 el Corso, en la esquina de 11 de Septiembre y Boulevard Moreno.<br \/>\nAs\u00ed queda descartado por completo el Estadio Municipal, lugar que en un principio hab\u00eda sido anunciado por los propios organizadores pero que luego fue puesto en dudas por cuestiones de seguridad.<br \/>\nLa celebraci\u00f3n, que es a beneficio de las divisiones inferiores de los clubes de f\u00fatbol, contar\u00e1 con la actuaci\u00f3n de El Polaco, Bel\u00e9n y Agapornis, Maxi y La Champion Liga, RC Band y Mawi.<\/p>\n","protected":false},"excerpt":{"rendered":"<p>Tras la reuni\u00f3n mantenida durante la tarde, entre los dirigentes de la Liga Deportiva Sampedrina y el Intendente Cecilio Salazar, la Fiesta del Verano 2016 se realizar\u00e1 en un escenario callejero que se montar\u00e1 en el mismo lugar donde en los \u00faltimos fines de semana se realiz\u00f3 el Corso, en la esquina de 11 de [&hellip;]<\/p>\n","protected":false},"author":4,"featured_media":1975,"comment_status":"open","ping_status":"closed","sticky":false,"template":"","format":"standard","meta":{"om_disable_all_campaigns":false,"_jetpack_memberships_contains_paid_content":false,"footnotes":""},"categories":[101,2],"tags":[],"class_list":["post-1973","post","type-post","status-publish","format-standard","has-post-thumbnail","hentry","category-interes-general-locales","category-locales"],"aioseo_notices":[],"gutentor_comment":0,"jetpack_featured_media_url":"https:\/\/eldiariodesanpedro.com.ar\/sitio\/wp-content\/uploads\/2016\/02\/PAGINA-4-DOS.jpg","jetpack_shortlink":"https:\/\/wp.me\/p6RhLt-vP","jetpack_sharing_enabled":true,"_links":{"self":[{"href":"https:\/\/eldiariodesanpedro.com.ar\/sitio\/wp-json\/wp\/v2\/posts\/1973","targetHints":{"allow":["GET"]}}],"collection":[{"href":"https:\/\/eldiariodesanpedro.com.ar\/sitio\/wp-json\/wp\/v2\/posts"}],"about":[{"href":"https:\/\/eldiariodesanpedro.com.ar\/sitio\/wp-json\/wp\/v2\/types\/post"}],"author":[{"embeddable":true,"href":"https:\/\/eldiariodesanpedro.com.ar\/sitio\/wp-json\/wp\/v2\/users\/4"}],"replies":[{"embeddable":true,"href":"https:\/\/eldiariodesanpedro.com.ar\/sitio\/wp-json\/wp\/v2\/comments?post=1973"}],"version-history":[{"count":1,"href":"https:\/\/eldiariodesanpedro.com.ar\/sitio\/wp-json\/wp\/v2\/posts\/1973\/revisions"}],"predecessor-version":[{"id":1976,"href":"https:\/\/eldiariodesanpedro.com.ar\/sitio\/wp-json\/wp\/v2\/posts\/1973\/revisions\/1976"}],"wp:featuredmedia":[{"embeddable":true,"href":"https:\/\/eldiariodesanpedro.com.ar\/sitio\/wp-json\/wp\/v2\/media\/1975"}],"wp:attachment":[{"href":"https:\/\/eldiariodesanpedro.com.ar\/sitio\/wp-json\/wp\/v2\/media?parent=1973"}],"wp:term":[{"taxonomy":"category","embeddable":true,"href":"https:\/\/eldiariodesanpedro.com.ar\/sitio\/wp-json\/wp\/v2\/categories?post=1973"},{"taxonomy":"post_tag","embeddable":true,"href":"https:\/\/eldiariodesanpedro.com.ar\/sitio\/wp-json\/wp\/v2\/tags?post=1973"}],"curies":[{"name":"wp","href":"https:\/\/api.w.org\/{rel}","templated":true}]}}