{"id":1969,"date":"2016-02-23T17:32:54","date_gmt":"2016-02-23T20:32:54","guid":{"rendered":"http:\/\/www.eldiariodesanpedro.com.ar\/?p=1969"},"modified":"2016-02-23T17:32:54","modified_gmt":"2016-02-23T20:32:54","slug":"no-nos-dejan-tocar","status":"publish","type":"post","link":"https:\/\/eldiariodesanpedro.com.ar\/sitio\/no-nos-dejan-tocar\/","title":{"rendered":"No nos dejan tocar"},"content":{"rendered":"<p><!-- VideographyWP Plugin Message: Automatic video embedding prevented by plugin options. --><br \/>\nEn el dia de ayer llego la confirmacion a los organizadores del evento que traia al grupo musical La Renga, los mismo publicaron en la pagina web oficial del grupo (www.larenga.com) una imagen que corresponde al afiche del evento de un color sepia, con una franja grande y azul donde dice, NO NOS DEJAN TOCAR.<br \/>\nAdemas el grupo publica lo siguien debajo de la imagen:<br \/>\nEn que lugar habr\u00e1 consuelo para mi locura???<br \/>\nHoy la Municipalidad de San Pedro, nos sorprendi\u00f3, con la decisi\u00f3n de no permitirnos tocar el pr\u00f3ximo 5 de marzo, en el Estadio Municipal. Lugar que ellos mismos recomendaron.<br \/>\nLamentamos y repudiamos la decisi\u00f3n ya que hab\u00edamos accedido a todo lo pedido y expuesto por las autoridades para poder realizar el evento.<br \/>\nPor tal motivo el show ha sido cancelado.<br \/>\n\u00abEllos no tienen risa y se divierten amargando nuestro carnaval\u00bb<\/p>\n<p>A los mismos de siempre<br \/>\nLas entradas podr\u00e1n ser devueltas en los puntos de venta donde se adquirieron a partir del pr\u00f3ximo martes 1 de marzo o bien canjearse por entradas para el pr\u00f3ximo show, un sue\u00f1o que venimos gestando desde hace seis meses y por el cual estamos esperando que las autoridades firmen los contratos y permisos que corresponden, los cuales creemos que m\u00e1s all\u00e1 del tiempo transcurrido no deber\u00edan demorarse mucho m\u00e1s, sobre todo teniendo en cuenta que es un lugar en el cual asiduamente tocan bandas internacionales. <\/p>\n<p>Habr\u00e1 un siempre para la batalla !!!! <\/p>\n<p>La Renga<\/p>\n<p>Lo que cabe destacar es que los organizadores de este evento son parte de los organizadores del gran evento que se realiza en nueestra ciudad, Mastai, que en la ultima jornada convoco a mas de 35.000 personas, la decision del municipio de no permitirles tocar al reconocido grupo de rock argentino, \u00bfpodria afectar a la realizacion de la nueva edicion de Mastai este a\u00f1o?.<\/p>\n","protected":false},"excerpt":{"rendered":"<p>En el dia de ayer llego la confirmacion a los organizadores del evento que traia al grupo musical La Renga, los mismo publicaron en la pagina web oficial del grupo (www.larenga.com) una imagen que corresponde al afiche del evento de un color sepia, con una franja grande y azul donde dice, NO NOS DEJAN TOCAR. [&hellip;]<\/p>\n","protected":false},"author":4,"featured_media":1971,"comment_status":"open","ping_status":"closed","sticky":false,"template":"","format":"standard","meta":{"om_disable_all_campaigns":false,"_jetpack_memberships_contains_paid_content":false,"footnotes":""},"categories":[50,101,2],"tags":[],"class_list":["post-1969","post","type-post","status-publish","format-standard","has-post-thumbnail","hentry","category-destacadas","category-interes-general-locales","category-locales"],"aioseo_notices":[],"gutentor_comment":0,"jetpack_featured_media_url":"https:\/\/eldiariodesanpedro.com.ar\/sitio\/wp-content\/uploads\/2016\/02\/aviso-san-pedro.jpg","jetpack_shortlink":"https:\/\/wp.me\/p6RhLt-vL","jetpack_sharing_enabled":true,"_links":{"self":[{"href":"https:\/\/eldiariodesanpedro.com.ar\/sitio\/wp-json\/wp\/v2\/posts\/1969","targetHints":{"allow":["GET"]}}],"collection":[{"href":"https:\/\/eldiariodesanpedro.com.ar\/sitio\/wp-json\/wp\/v2\/posts"}],"about":[{"href":"https:\/\/eldiariodesanpedro.com.ar\/sitio\/wp-json\/wp\/v2\/types\/post"}],"author":[{"embeddable":true,"href":"https:\/\/eldiariodesanpedro.com.ar\/sitio\/wp-json\/wp\/v2\/users\/4"}],"replies":[{"embeddable":true,"href":"https:\/\/eldiariodesanpedro.com.ar\/sitio\/wp-json\/wp\/v2\/comments?post=1969"}],"version-history":[{"count":1,"href":"https:\/\/eldiariodesanpedro.com.ar\/sitio\/wp-json\/wp\/v2\/posts\/1969\/revisions"}],"predecessor-version":[{"id":1972,"href":"https:\/\/eldiariodesanpedro.com.ar\/sitio\/wp-json\/wp\/v2\/posts\/1969\/revisions\/1972"}],"wp:featuredmedia":[{"embeddable":true,"href":"https:\/\/eldiariodesanpedro.com.ar\/sitio\/wp-json\/wp\/v2\/media\/1971"}],"wp:attachment":[{"href":"https:\/\/eldiariodesanpedro.com.ar\/sitio\/wp-json\/wp\/v2\/media?parent=1969"}],"wp:term":[{"taxonomy":"category","embeddable":true,"href":"https:\/\/eldiariodesanpedro.com.ar\/sitio\/wp-json\/wp\/v2\/categories?post=1969"},{"taxonomy":"post_tag","embeddable":true,"href":"https:\/\/eldiariodesanpedro.com.ar\/sitio\/wp-json\/wp\/v2\/tags?post=1969"}],"curies":[{"name":"wp","href":"https:\/\/api.w.org\/{rel}","templated":true}]}}