{"id":1953,"date":"2016-02-23T16:20:16","date_gmt":"2016-02-23T19:20:16","guid":{"rendered":"http:\/\/www.eldiariodesanpedro.com.ar\/?p=1953"},"modified":"2016-02-23T17:12:16","modified_gmt":"2016-02-23T20:12:16","slug":"1953-2","status":"publish","type":"post","link":"https:\/\/eldiariodesanpedro.com.ar\/sitio\/1953-2\/","title":{"rendered":"Secuestran 8 kilos de marihuana"},"content":{"rendered":"<p><!-- VideographyWP Plugin Message: Automatic video embedding prevented by plugin options. --><br \/>\nDistintas fuerzas policiales de la ciudad, como DDI San Pedro, a cargo de la Comisario Viviana Desimone, DDA a cargo del Comisario Gabriel Salda\u00f1a y Comisar\u00eda San Pedro, bajo la responsabilidad del Comisario Juan Ram\u00f3n Catalano, con datos precisos allanaron una vivienda de San Mart\u00edn 695.<br \/>\nEn el interior de la casa se hallaron 4 plantas de marihuana que fueron deshojadas y en total dieron un pesaje de 8 kilos aproximadamente. Las mismas eran cultivadas en el lugar y las sospechas son que ten\u00edan fines comerciales.<\/p>\n<p><img decoding=\"async\" data-attachment-id=\"1966\" data-permalink=\"https:\/\/eldiariodesanpedro.com.ar\/sitio\/1953-2\/cbb5cd70-7cba-4e6a-89b5-bfbcc23a9d58\/\" data-orig-file=\"https:\/\/eldiariodesanpedro.com.ar\/sitio\/wp-content\/uploads\/2016\/02\/cbb5cd70-7cba-4e6a-89b5-bfbcc23a9d58.jpg\" data-orig-size=\"900,1600\" data-comments-opened=\"1\" data-image-meta=\"{&quot;aperture&quot;:&quot;0&quot;,&quot;credit&quot;:&quot;&quot;,&quot;camera&quot;:&quot;&quot;,&quot;caption&quot;:&quot;&quot;,&quot;created_timestamp&quot;:&quot;0&quot;,&quot;copyright&quot;:&quot;&quot;,&quot;focal_length&quot;:&quot;0&quot;,&quot;iso&quot;:&quot;0&quot;,&quot;shutter_speed&quot;:&quot;0&quot;,&quot;title&quot;:&quot;&quot;,&quot;orientation&quot;:&quot;0&quot;}\" data-image-title=\"cbb5cd70-7cba-4e6a-89b5-bfbcc23a9d58\" data-image-description=\"\" data-image-caption=\"\" data-large-file=\"https:\/\/eldiariodesanpedro.com.ar\/sitio\/wp-content\/uploads\/2016\/02\/cbb5cd70-7cba-4e6a-89b5-bfbcc23a9d58-576x1024.jpg\" data-src=\"https:\/\/eldiariodesanpedro.com.ar\/sitio\/wp-content\/uploads\/2016\/02\/cbb5cd70-7cba-4e6a-89b5-bfbcc23a9d58.jpg\" alt=\"cbb5cd70-7cba-4e6a-89b5-bfbcc23a9d58\" width=\"900\" height=\"1600\" class=\"alignnone size-full wp-image-1966 lazyload\" data-srcset=\"https:\/\/eldiariodesanpedro.com.ar\/sitio\/wp-content\/uploads\/2016\/02\/cbb5cd70-7cba-4e6a-89b5-bfbcc23a9d58.jpg 900w, https:\/\/eldiariodesanpedro.com.ar\/sitio\/wp-content\/uploads\/2016\/02\/cbb5cd70-7cba-4e6a-89b5-bfbcc23a9d58-169x300.jpg 169w, https:\/\/eldiariodesanpedro.com.ar\/sitio\/wp-content\/uploads\/2016\/02\/cbb5cd70-7cba-4e6a-89b5-bfbcc23a9d58-768x1365.jpg 768w, https:\/\/eldiariodesanpedro.com.ar\/sitio\/wp-content\/uploads\/2016\/02\/cbb5cd70-7cba-4e6a-89b5-bfbcc23a9d58-576x1024.jpg 576w, https:\/\/eldiariodesanpedro.com.ar\/sitio\/wp-content\/uploads\/2016\/02\/cbb5cd70-7cba-4e6a-89b5-bfbcc23a9d58-300x533.jpg 300w\" data-sizes=\"(max-width: 900px) 100vw, 900px\" src=\"data:image\/svg+xml;base64,PHN2ZyB3aWR0aD0iMSIgaGVpZ2h0PSIxIiB4bWxucz0iaHR0cDovL3d3dy53My5vcmcvMjAwMC9zdmciPjwvc3ZnPg==\" style=\"--smush-placeholder-width: 900px; --smush-placeholder-aspect-ratio: 900\/1600;\" \/><\/p>\n<p>Adem\u00e1s se secuestr\u00f3 una balanza, l\u00e1mparas para su labranza, papel de cigarrillos, tijeras, armadores y semillas. Adem\u00e1s, en el lugar del operativo se aprehendi\u00f3 a un joven de 32 a\u00f1os que ser\u00eda el responsable del lugar.<br \/>\nA pesar de que el sujeto se defendi\u00f3 asegurando que las mismas no eran para vender, desde la Fiscal\u00eda 11 sostienen lo contrario. El hombre fue alojado en la Comisar\u00eda local bajo la car\u00e1tula de Tenencia de Estupefacientes con fines de Comercializaci\u00f3n agravada por el Art. 11 inc E, por ser un lugar que cercano a un establecimiento educativo.<\/p>\n","protected":false},"excerpt":{"rendered":"<p>Distintas fuerzas policiales de la ciudad, como DDI San Pedro, a cargo de la Comisario Viviana Desimone, DDA a cargo del Comisario Gabriel Salda\u00f1a y Comisar\u00eda San Pedro, bajo la responsabilidad del Comisario Juan Ram\u00f3n Catalano, con datos precisos allanaron una vivienda de San Mart\u00edn 695. En el interior de la casa se hallaron 4 [&hellip;]<\/p>\n","protected":false},"author":4,"featured_media":1955,"comment_status":"open","ping_status":"closed","sticky":false,"template":"","format":"standard","meta":{"om_disable_all_campaigns":false,"_jetpack_memberships_contains_paid_content":false,"footnotes":""},"categories":[50,2,103],"tags":[],"class_list":["post-1953","post","type-post","status-publish","format-standard","has-post-thumbnail","hentry","category-destacadas","category-locales","category-policiales-locales"],"aioseo_notices":[],"gutentor_comment":0,"jetpack_featured_media_url":"https:\/\/eldiariodesanpedro.com.ar\/sitio\/wp-content\/uploads\/2016\/02\/PAGINA-3.jpg","jetpack_shortlink":"https:\/\/wp.me\/p6RhLt-vv","jetpack_sharing_enabled":true,"_links":{"self":[{"href":"https:\/\/eldiariodesanpedro.com.ar\/sitio\/wp-json\/wp\/v2\/posts\/1953","targetHints":{"allow":["GET"]}}],"collection":[{"href":"https:\/\/eldiariodesanpedro.com.ar\/sitio\/wp-json\/wp\/v2\/posts"}],"about":[{"href":"https:\/\/eldiariodesanpedro.com.ar\/sitio\/wp-json\/wp\/v2\/types\/post"}],"author":[{"embeddable":true,"href":"https:\/\/eldiariodesanpedro.com.ar\/sitio\/wp-json\/wp\/v2\/users\/4"}],"replies":[{"embeddable":true,"href":"https:\/\/eldiariodesanpedro.com.ar\/sitio\/wp-json\/wp\/v2\/comments?post=1953"}],"version-history":[{"count":3,"href":"https:\/\/eldiariodesanpedro.com.ar\/sitio\/wp-json\/wp\/v2\/posts\/1953\/revisions"}],"predecessor-version":[{"id":1968,"href":"https:\/\/eldiariodesanpedro.com.ar\/sitio\/wp-json\/wp\/v2\/posts\/1953\/revisions\/1968"}],"wp:featuredmedia":[{"embeddable":true,"href":"https:\/\/eldiariodesanpedro.com.ar\/sitio\/wp-json\/wp\/v2\/media\/1955"}],"wp:attachment":[{"href":"https:\/\/eldiariodesanpedro.com.ar\/sitio\/wp-json\/wp\/v2\/media?parent=1953"}],"wp:term":[{"taxonomy":"category","embeddable":true,"href":"https:\/\/eldiariodesanpedro.com.ar\/sitio\/wp-json\/wp\/v2\/categories?post=1953"},{"taxonomy":"post_tag","embeddable":true,"href":"https:\/\/eldiariodesanpedro.com.ar\/sitio\/wp-json\/wp\/v2\/tags?post=1953"}],"curies":[{"name":"wp","href":"https:\/\/api.w.org\/{rel}","templated":true}]}}