{"id":1926,"date":"2016-02-22T17:58:01","date_gmt":"2016-02-22T20:58:01","guid":{"rendered":"http:\/\/www.eldiariodesanpedro.com.ar\/?p=1926"},"modified":"2016-02-22T17:58:01","modified_gmt":"2016-02-22T20:58:01","slug":"joven-herido-accidente-transito-la-ruta-1001","status":"publish","type":"post","link":"https:\/\/eldiariodesanpedro.com.ar\/sitio\/joven-herido-accidente-transito-la-ruta-1001\/","title":{"rendered":"Un joven herido en accidente de tr\u00e1nsito en la ruta 1001"},"content":{"rendered":"<p><!-- VideographyWP Plugin Message: Automatic video embedding prevented by plugin options. --><br \/>\nSucedi\u00f3 durante la tarde del domingo en proximidades de Maxiconsumo. Un hombre result\u00f3 herido.<br \/>\nPromediando la tarde del domingo una persona joven que guiaba una moto Guerrero Trip 110 de color gris, sufri\u00f3 heridas de car\u00e1cter leves al chocar con un veh\u00edculo VW Golf bord\u00f3 que viajaba en la misma direcci\u00f3n.<br \/>\nEl incidente se produjo sobre la Ruta Provincial 1001, a la altura de planta Maxiconsumo, en direcci\u00f3n a R\u00edo Tala. Por circunstancias que se desconocen ambos rodados colisionaron entre s\u00ed haciendo que el conductor del rodado menor sufrir\u00e1 algunas contusiones.<br \/>\n Una ambulancia del servicio 107 acudi\u00f3 al lugar y traslad\u00f3 al conductor de la moto, tambi\u00e9n trabajaron en el lugar personal de la Comisar\u00eda San Pedro y Polic\u00eda Cient\u00edfica. <\/p>\n","protected":false},"excerpt":{"rendered":"<p>Sucedi\u00f3 durante la tarde del domingo en proximidades de Maxiconsumo. Un hombre result\u00f3 herido. Promediando la tarde del domingo una persona joven que guiaba una moto Guerrero Trip 110 de color gris, sufri\u00f3 heridas de car\u00e1cter leves al chocar con un veh\u00edculo VW Golf bord\u00f3 que viajaba en la misma direcci\u00f3n. El incidente se produjo [&hellip;]<\/p>\n","protected":false},"author":4,"featured_media":1928,"comment_status":"open","ping_status":"closed","sticky":false,"template":"","format":"standard","meta":{"om_disable_all_campaigns":false,"_jetpack_memberships_contains_paid_content":false,"footnotes":""},"categories":[50,101,2],"tags":[24,220,219],"class_list":["post-1926","post","type-post","status-publish","format-standard","has-post-thumbnail","hentry","category-destacadas","category-interes-general-locales","category-locales","tag-accidente","tag-hombre-herido","tag-ruta-1001"],"aioseo_notices":[],"gutentor_comment":0,"jetpack_featured_media_url":"https:\/\/eldiariodesanpedro.com.ar\/sitio\/wp-content\/uploads\/2016\/02\/000032747.jpg","jetpack_shortlink":"https:\/\/wp.me\/p6RhLt-v4","jetpack_sharing_enabled":true,"_links":{"self":[{"href":"https:\/\/eldiariodesanpedro.com.ar\/sitio\/wp-json\/wp\/v2\/posts\/1926","targetHints":{"allow":["GET"]}}],"collection":[{"href":"https:\/\/eldiariodesanpedro.com.ar\/sitio\/wp-json\/wp\/v2\/posts"}],"about":[{"href":"https:\/\/eldiariodesanpedro.com.ar\/sitio\/wp-json\/wp\/v2\/types\/post"}],"author":[{"embeddable":true,"href":"https:\/\/eldiariodesanpedro.com.ar\/sitio\/wp-json\/wp\/v2\/users\/4"}],"replies":[{"embeddable":true,"href":"https:\/\/eldiariodesanpedro.com.ar\/sitio\/wp-json\/wp\/v2\/comments?post=1926"}],"version-history":[{"count":1,"href":"https:\/\/eldiariodesanpedro.com.ar\/sitio\/wp-json\/wp\/v2\/posts\/1926\/revisions"}],"predecessor-version":[{"id":1929,"href":"https:\/\/eldiariodesanpedro.com.ar\/sitio\/wp-json\/wp\/v2\/posts\/1926\/revisions\/1929"}],"wp:featuredmedia":[{"embeddable":true,"href":"https:\/\/eldiariodesanpedro.com.ar\/sitio\/wp-json\/wp\/v2\/media\/1928"}],"wp:attachment":[{"href":"https:\/\/eldiariodesanpedro.com.ar\/sitio\/wp-json\/wp\/v2\/media?parent=1926"}],"wp:term":[{"taxonomy":"category","embeddable":true,"href":"https:\/\/eldiariodesanpedro.com.ar\/sitio\/wp-json\/wp\/v2\/categories?post=1926"},{"taxonomy":"post_tag","embeddable":true,"href":"https:\/\/eldiariodesanpedro.com.ar\/sitio\/wp-json\/wp\/v2\/tags?post=1926"}],"curies":[{"name":"wp","href":"https:\/\/api.w.org\/{rel}","templated":true}]}}