{"id":19156,"date":"2017-05-31T19:29:51","date_gmt":"2017-05-31T22:29:51","guid":{"rendered":"https:\/\/eldiariodesanpedro.com.ar\/sitio\/?p=19156"},"modified":"2017-05-31T19:29:51","modified_gmt":"2017-05-31T22:29:51","slug":"aprehendieron-en-santa-lucia-a-un-sujeto-con-pedido-de-captura","status":"publish","type":"post","link":"https:\/\/eldiariodesanpedro.com.ar\/sitio\/aprehendieron-en-santa-lucia-a-un-sujeto-con-pedido-de-captura\/","title":{"rendered":"Aprehendieron en Santa Luc\u00eda a un sujeto con \u201cpedido de captura\u201d"},"content":{"rendered":"<p><!-- VideographyWP Plugin Message: Automatic video embedding prevented by plugin options. --><br \/>\nPersonal del destacamento en conjunto con efectivos de la Polic\u00eda Local, en un operativo de interceptaci\u00f3n vehicular,  fue identificada una persona de sexo masculino, mayor de edad, que sobre el cual pesaba un \u201cpedido de captura activo\u201d por un hecho caratulado como \u201crobo\u201d. El mismo tiene fecha del 5\/08\/201 y fue solicitado por el Juzgado Correccional N\u00b03.<\/p>\n<p>Tras la consulta al magistrado interviniente, se dispuso que sea notificado sobre su r\u00e1pida presentaci\u00f3n a la sede judicial con fines regularizar su situaci\u00f3n y luego recuper\u00f3 la libertad.<\/p>\n","protected":false},"excerpt":{"rendered":"<p>Personal del destacamento en conjunto con efectivos de la Polic\u00eda Local, en un operativo de interceptaci\u00f3n vehicular, fue identificada una persona de sexo masculino, mayor de edad, que sobre el cual pesaba un \u201cpedido de captura activo\u201d por un hecho caratulado como \u201crobo\u201d. El mismo tiene fecha del 5\/08\/201 y fue solicitado por el Juzgado [&hellip;]<\/p>\n","protected":false},"author":4,"featured_media":4713,"comment_status":"open","ping_status":"closed","sticky":false,"template":"","format":"standard","meta":{"om_disable_all_campaigns":false,"_jetpack_memberships_contains_paid_content":false,"footnotes":""},"categories":[2,103],"tags":[],"class_list":["post-19156","post","type-post","status-publish","format-standard","has-post-thumbnail","hentry","category-locales","category-policiales-locales"],"aioseo_notices":[],"gutentor_comment":0,"jetpack_featured_media_url":"https:\/\/eldiariodesanpedro.com.ar\/sitio\/wp-content\/uploads\/2016\/05\/detenido.jpg","jetpack_shortlink":"https:\/\/wp.me\/p6RhLt-4YY","jetpack_sharing_enabled":true,"_links":{"self":[{"href":"https:\/\/eldiariodesanpedro.com.ar\/sitio\/wp-json\/wp\/v2\/posts\/19156","targetHints":{"allow":["GET"]}}],"collection":[{"href":"https:\/\/eldiariodesanpedro.com.ar\/sitio\/wp-json\/wp\/v2\/posts"}],"about":[{"href":"https:\/\/eldiariodesanpedro.com.ar\/sitio\/wp-json\/wp\/v2\/types\/post"}],"author":[{"embeddable":true,"href":"https:\/\/eldiariodesanpedro.com.ar\/sitio\/wp-json\/wp\/v2\/users\/4"}],"replies":[{"embeddable":true,"href":"https:\/\/eldiariodesanpedro.com.ar\/sitio\/wp-json\/wp\/v2\/comments?post=19156"}],"version-history":[{"count":1,"href":"https:\/\/eldiariodesanpedro.com.ar\/sitio\/wp-json\/wp\/v2\/posts\/19156\/revisions"}],"predecessor-version":[{"id":19158,"href":"https:\/\/eldiariodesanpedro.com.ar\/sitio\/wp-json\/wp\/v2\/posts\/19156\/revisions\/19158"}],"wp:featuredmedia":[{"embeddable":true,"href":"https:\/\/eldiariodesanpedro.com.ar\/sitio\/wp-json\/wp\/v2\/media\/4713"}],"wp:attachment":[{"href":"https:\/\/eldiariodesanpedro.com.ar\/sitio\/wp-json\/wp\/v2\/media?parent=19156"}],"wp:term":[{"taxonomy":"category","embeddable":true,"href":"https:\/\/eldiariodesanpedro.com.ar\/sitio\/wp-json\/wp\/v2\/categories?post=19156"},{"taxonomy":"post_tag","embeddable":true,"href":"https:\/\/eldiariodesanpedro.com.ar\/sitio\/wp-json\/wp\/v2\/tags?post=19156"}],"curies":[{"name":"wp","href":"https:\/\/api.w.org\/{rel}","templated":true}]}}