{"id":19154,"date":"2017-05-31T19:29:18","date_gmt":"2017-05-31T22:29:18","guid":{"rendered":"https:\/\/eldiariodesanpedro.com.ar\/sitio\/?p=19154"},"modified":"2017-05-31T19:29:18","modified_gmt":"2017-05-31T22:29:18","slug":"recuperan-dos-motos-robadas","status":"publish","type":"post","link":"https:\/\/eldiariodesanpedro.com.ar\/sitio\/recuperan-dos-motos-robadas\/","title":{"rendered":"Recuperan dos motos robadas"},"content":{"rendered":"<p><!-- VideographyWP Plugin Message: Automatic video embedding prevented by plugin options. --><br \/>\nUno de los rodado fue interceptado en inmediaciones al basural de nuestra ciudad. Se trata de una motocicleta Guerrero Trip, color negra, la que pose\u00eda un pedido de secuestro activo tras haber sido robada el pasado junio del 2014. El conductor del rodado fue trasladado a la comisar\u00eda y tras los recaudos legales, recuper\u00f3 la libertad, seg\u00fan fue determinado por la UFI N\u00ba 11.<\/p>\n<p>El otro hecho se produjo en Gdor. Castro cuando se llevaba a cabo un control de tr\u00e1nsito. Fue aprehendido un joven menor de edad, al que le secuestr\u00f3 en su poder una motocicleta marca Honda modelo Biz. 125 C.C., de color gris, sin patente. La misma ten\u00eda un pedido de secuestro activo del d\u00eda 20 de Noviembre de 2015, caratulado HURTO solicitado por la UFI N\u00b0 6 de San Nicol\u00e1s.<\/p>\n<p>Se cumplimentaron las actuaciones de rigor y posteriormente fue entregado el menor a los progenitores seg\u00fan lo orden\u00f3 la UFI del joven.<\/p>\n","protected":false},"excerpt":{"rendered":"<p>Uno de los rodado fue interceptado en inmediaciones al basural de nuestra ciudad. Se trata de una motocicleta Guerrero Trip, color negra, la que pose\u00eda un pedido de secuestro activo tras haber sido robada el pasado junio del 2014. El conductor del rodado fue trasladado a la comisar\u00eda y tras los recaudos legales, recuper\u00f3 la [&hellip;]<\/p>\n","protected":false},"author":4,"featured_media":16985,"comment_status":"open","ping_status":"closed","sticky":false,"template":"","format":"standard","meta":{"om_disable_all_campaigns":false,"_jetpack_memberships_contains_paid_content":false,"footnotes":""},"categories":[2,103],"tags":[],"class_list":["post-19154","post","type-post","status-publish","format-standard","has-post-thumbnail","hentry","category-locales","category-policiales-locales"],"aioseo_notices":[],"gutentor_comment":0,"jetpack_featured_media_url":"https:\/\/eldiariodesanpedro.com.ar\/sitio\/wp-content\/uploads\/2017\/04\/DSC_0218-e1491428995946.jpg","jetpack_shortlink":"https:\/\/wp.me\/p6RhLt-4YW","jetpack_sharing_enabled":true,"_links":{"self":[{"href":"https:\/\/eldiariodesanpedro.com.ar\/sitio\/wp-json\/wp\/v2\/posts\/19154","targetHints":{"allow":["GET"]}}],"collection":[{"href":"https:\/\/eldiariodesanpedro.com.ar\/sitio\/wp-json\/wp\/v2\/posts"}],"about":[{"href":"https:\/\/eldiariodesanpedro.com.ar\/sitio\/wp-json\/wp\/v2\/types\/post"}],"author":[{"embeddable":true,"href":"https:\/\/eldiariodesanpedro.com.ar\/sitio\/wp-json\/wp\/v2\/users\/4"}],"replies":[{"embeddable":true,"href":"https:\/\/eldiariodesanpedro.com.ar\/sitio\/wp-json\/wp\/v2\/comments?post=19154"}],"version-history":[{"count":1,"href":"https:\/\/eldiariodesanpedro.com.ar\/sitio\/wp-json\/wp\/v2\/posts\/19154\/revisions"}],"predecessor-version":[{"id":19157,"href":"https:\/\/eldiariodesanpedro.com.ar\/sitio\/wp-json\/wp\/v2\/posts\/19154\/revisions\/19157"}],"wp:featuredmedia":[{"embeddable":true,"href":"https:\/\/eldiariodesanpedro.com.ar\/sitio\/wp-json\/wp\/v2\/media\/16985"}],"wp:attachment":[{"href":"https:\/\/eldiariodesanpedro.com.ar\/sitio\/wp-json\/wp\/v2\/media?parent=19154"}],"wp:term":[{"taxonomy":"category","embeddable":true,"href":"https:\/\/eldiariodesanpedro.com.ar\/sitio\/wp-json\/wp\/v2\/categories?post=19154"},{"taxonomy":"post_tag","embeddable":true,"href":"https:\/\/eldiariodesanpedro.com.ar\/sitio\/wp-json\/wp\/v2\/tags?post=19154"}],"curies":[{"name":"wp","href":"https:\/\/api.w.org\/{rel}","templated":true}]}}