{"id":19152,"date":"2017-05-31T19:27:34","date_gmt":"2017-05-31T22:27:34","guid":{"rendered":"https:\/\/eldiariodesanpedro.com.ar\/sitio\/?p=19152"},"modified":"2017-05-31T19:27:34","modified_gmt":"2017-05-31T22:27:34","slug":"robo-en-un-local-de-ropa","status":"publish","type":"post","link":"https:\/\/eldiariodesanpedro.com.ar\/sitio\/robo-en-un-local-de-ropa\/","title":{"rendered":"Robo en un local de ropa"},"content":{"rendered":"<p><!-- VideographyWP Plugin Message: Automatic video embedding prevented by plugin options. --><br \/>\nCerca de las 19 hs. del martes, los malvivientes ingresaron al local comercial de venta de ropa, que se encuentra en Belgrano N\u00ba 1035; y tras intimidar al due\u00f1o del lugar con un arma de fuego, le robaron el dinero en efectivo y un tel\u00e9fono celular. Tras cometer el il\u00edcito, r\u00e1pidamente se dieron a la fuga.<\/p>\n<p>El damnificado radic\u00f3 la denuncia en la Comisar\u00eda, lo que motiv\u00f3 que se inicien las investigaciones para dar con los delincuentes.<\/p>\n","protected":false},"excerpt":{"rendered":"<p>Cerca de las 19 hs. del martes, los malvivientes ingresaron al local comercial de venta de ropa, que se encuentra en Belgrano N\u00ba 1035; y tras intimidar al due\u00f1o del lugar con un arma de fuego, le robaron el dinero en efectivo y un tel\u00e9fono celular. Tras cometer el il\u00edcito, r\u00e1pidamente se dieron a la [&hellip;]<\/p>\n","protected":false},"author":4,"featured_media":4366,"comment_status":"open","ping_status":"closed","sticky":false,"template":"","format":"standard","meta":{"om_disable_all_campaigns":false,"_jetpack_memberships_contains_paid_content":false,"footnotes":""},"categories":[2,103],"tags":[],"class_list":["post-19152","post","type-post","status-publish","format-standard","has-post-thumbnail","hentry","category-locales","category-policiales-locales"],"aioseo_notices":[],"gutentor_comment":0,"jetpack_featured_media_url":"https:\/\/eldiariodesanpedro.com.ar\/sitio\/wp-content\/uploads\/2016\/05\/Policia.jpg","jetpack_shortlink":"https:\/\/wp.me\/p6RhLt-4YU","jetpack_sharing_enabled":true,"_links":{"self":[{"href":"https:\/\/eldiariodesanpedro.com.ar\/sitio\/wp-json\/wp\/v2\/posts\/19152","targetHints":{"allow":["GET"]}}],"collection":[{"href":"https:\/\/eldiariodesanpedro.com.ar\/sitio\/wp-json\/wp\/v2\/posts"}],"about":[{"href":"https:\/\/eldiariodesanpedro.com.ar\/sitio\/wp-json\/wp\/v2\/types\/post"}],"author":[{"embeddable":true,"href":"https:\/\/eldiariodesanpedro.com.ar\/sitio\/wp-json\/wp\/v2\/users\/4"}],"replies":[{"embeddable":true,"href":"https:\/\/eldiariodesanpedro.com.ar\/sitio\/wp-json\/wp\/v2\/comments?post=19152"}],"version-history":[{"count":1,"href":"https:\/\/eldiariodesanpedro.com.ar\/sitio\/wp-json\/wp\/v2\/posts\/19152\/revisions"}],"predecessor-version":[{"id":19155,"href":"https:\/\/eldiariodesanpedro.com.ar\/sitio\/wp-json\/wp\/v2\/posts\/19152\/revisions\/19155"}],"wp:featuredmedia":[{"embeddable":true,"href":"https:\/\/eldiariodesanpedro.com.ar\/sitio\/wp-json\/wp\/v2\/media\/4366"}],"wp:attachment":[{"href":"https:\/\/eldiariodesanpedro.com.ar\/sitio\/wp-json\/wp\/v2\/media?parent=19152"}],"wp:term":[{"taxonomy":"category","embeddable":true,"href":"https:\/\/eldiariodesanpedro.com.ar\/sitio\/wp-json\/wp\/v2\/categories?post=19152"},{"taxonomy":"post_tag","embeddable":true,"href":"https:\/\/eldiariodesanpedro.com.ar\/sitio\/wp-json\/wp\/v2\/tags?post=19152"}],"curies":[{"name":"wp","href":"https:\/\/api.w.org\/{rel}","templated":true}]}}