{"id":19150,"date":"2017-05-31T19:25:27","date_gmt":"2017-05-31T22:25:27","guid":{"rendered":"https:\/\/eldiariodesanpedro.com.ar\/sitio\/?p=19150"},"modified":"2017-05-31T19:25:27","modified_gmt":"2017-05-31T22:25:27","slug":"ramanzini-el-intendente-tiene-que-saber-que-tiene-que-dar-cuenta-de-sus-actos","status":"publish","type":"post","link":"https:\/\/eldiariodesanpedro.com.ar\/sitio\/ramanzini-el-intendente-tiene-que-saber-que-tiene-que-dar-cuenta-de-sus-actos\/","title":{"rendered":"Ramanzini: \u201cEl Intendente tiene que saber que tiene que dar cuenta de sus actos\u201d"},"content":{"rendered":"<p><!-- VideographyWP Plugin Message: Automatic video embedding prevented by plugin options. --><br \/>\n  En la \u00faltima reuni\u00f3n en el Concejo Deliberante hubo duros cruces entre el oficialismo y la oposici\u00f3n sobre la Rendici\u00f3n de Cuentas que se realiza antes de fin de mes. <\/p>\n<p>  La Sesi\u00f3n Extraordinaria se extendi\u00f3 bastante ya que hubo un debate consistente al momento de evaluar los n\u00fameros planteados en el \u00e1mbito de la Comisi\u00f3n de Presupuesto y Hacienda. <\/p>\n<p>  En una entrevista realizada por El Diario de San Pedro al Dr. Ariel Ramnazini, explica que la Revisi\u00f3n de Cuentas es precisamente evaluar si el dinero se utiliza como corresponde, si lo que se presupuesta es realmente utilizado en lo que proyecta realizar. <\/p>\n<p> Para el Frente Renovador, en palabras de su presidente, el oficialismo arranc\u00f3 el 2016 con promesas de austeridad, que no cumpli\u00f3. <\/p>\n<p>Agregando: \u201cPrueba de esto, es que el Municipio tom\u00f3 m\u00e1s de 70 empleados una vez que culmin\u00f3 la Emergencia Econ\u00f3mica pedida por el Intendente. Se quejaban de gestiones anteriores diciendo que hab\u00eda funcionarios dem\u00e1s, y esta gesti\u00f3n tiene un 50% de funcionarios m\u00e1s que otras gestiones anteriores.\u201d <\/p>\n<p>  Y al solicitar los motivos que llevaron a pedir el dictado una Emergencia Econ\u00f3mica, nunca recibieron respuesta. Y agrega:<br \/>\n  \u201cEn una situaci\u00f3n de emergencia con p\u00e9rdida de empleos, con aumentos de tarifas exagerados, adem\u00e1s, hubo un aumento despiadado de tasas. En dos a\u00f1os el aumento fue de m\u00e1s del 800%. El sueldo b\u00e1sico de los funcionarios, mediante el Decreto 835 y 836 ni bien termin\u00f3 la emergencia econ\u00f3mica, fue aumentado en un 30% y luego, el Intendente cre\u00f3 una bonificaci\u00f3n por funci\u00f3n, con un aumento de entre el 20 de 100%. En definitiva, se duplicaron el dinero que ganaban y mientras tanto, siempre se le pide esfuerzo a la poblaci\u00f3n.\u201d<\/p>\n<p> Ramanzini cuenta que, analizando las cuentas, esta gesti\u00f3n recibi\u00f3 de parte de la Provincia de Buenos Aires y de Naci\u00f3n $250 millones extra. Y ha utilizado los fondos afectados de manera indiscriminada. M\u00e1s de $60 millones utilizaron para otras cosas y no para las que hab\u00edan sido destinados. Por ejemplo, ten\u00edamos un Fondo de Infraestructura Municipal para el cual se tienen que desarrollar obras y, se lo utiliz\u00f3 para contratar m\u00e1s personal, para tener m\u00e1s gastos y hacer m\u00e1s pesado todav\u00eda el Estado. Lo mismo con el Fondo Educativo y lo mismo con el resto de los fondos afectados: el de Medio Ambiente entre los cuales est\u00e1 la ordenanza \u201cBasura Cero\u201d; el de Emergencia de Seguridad d\u00f3nde se recibieron m\u00e1s de $20 millones pesos y, sin embargo, se han enterado hoy en la sesi\u00f3n del Concejo Deliberante que funcionan 5 c\u00e1maras de seguridad y no se toma ninguna medida.<\/p>\n<p>  \u201cNo hay un plan de seguridad, no se controlan los ingresos y egresos de la ciudad, no se hace una planificaci\u00f3n de qu\u00e9 es lo que sucede en cada barrio, por qu\u00e9 se comenten los diferentes tipos de delitos\u201d, manifiesta con \u00edmpetu el Concejal y, agrega \u201choy, el 50% de los chicos est\u00e1 en situaci\u00f3n de pobreza, \u00e9stos son los \u00edndices que a nosotros nos preocupan y que no vemos que al Intendente Municipal le preocupen.\u201d <\/p>\n<p>  Ramanzini tiene numerosos ejemplos de situaciones en las que los gastos, seg\u00fan su consideraci\u00f3n, ser\u00edan inoportunos. Adem\u00e1s, cuenta que, al pedir informaci\u00f3n, no les fue brindada y dice que la transparencia, en esta gesti\u00f3n, \u201ces s\u00f3lo de la boca para afuera\u201d. <\/p>\n<p>  A pesar de esto, reconoce que se han realizado algunas obras, como las del agua, las de las escuelas, etc. Pero hay muchos gastos que se podr\u00edan haber evitado, que han sido superfluos, porque hay muchas cosas que se podr\u00edan haber hecho con esos $250 millones. Por ejemplo, en el recital de Axel se gast\u00f3 en hoteler\u00eda m\u00e1s de $600 mil, en mantenimiento de edificios m\u00e1s de $8 millones, en combustibles y lubricantes m\u00e1s de $9 millones, entre $100 y $120 mil de publicidad y propaganda de parte del Departamento Ejecutivo. Siempre es lindo tener un espect\u00e1culo de esta naturaleza, pero hay otras prioridades.\u201d<\/p>\n<p>  \u201cNosotros no estamos en desacuerdo, al contrario, nos gustar\u00eda inclusive, que el pr\u00f3ximo a\u00f1o en lugar de $250 millones, se reciban $500 millones para que se puedan hacer m\u00e1s obras. Pero no hay que mentirle a la gente, se le habl\u00f3 de austeridad y no se fue para nada austero. Se le minti\u00f3 diciendo que iban a hacer una auditor\u00eda con respecto a qu\u00e9 era lo que hab\u00eda sucedido con los $100 millones de la anterior gesti\u00f3n que desaparecieron y nunca se hizo esa auditor\u00eda. Se dice que representan el cambio y nos niegan la informaci\u00f3n. No nos remitieron los decretos, los tuvimos que ver desde la p\u00e1gina\u201d, manifest\u00f3 el presidente del Frente Renovador.<\/p>\n<p>  Y a\u00f1adi\u00f3 que: \u201cHay una Resoluci\u00f3n del propio Tribunal de Cuentas que, dice que el Concejal, tiene que tener acceso permanente a la informaci\u00f3n y, m\u00e1s aun, en el momento de la Rendici\u00f3n de Cuentas. A nosotros nos eligi\u00f3 la poblaci\u00f3n para presentar proyectos, para controlar los gastos con cuidado para que se realicen en beneficio de la ciudadan\u00eda. Y entonces vemos con mucho desagrado, repudiamos est\u00e1 actitud de negarnos la informaci\u00f3n, de no haber venido el Secretario de Hacienda a dar explicaciones sobre la rendici\u00f3n de cuentas\u201d. <\/p>\n<p>  El Edil afirma que acompa\u00f1ar\u00e1n aquellas cosas que est\u00e1n bien y que sirven para que los vecinos de San Pedro tengan una mejor calidad de vida. Pero las cosas que est\u00e1n mal, las seguir\u00e1n marcando. Si tuvieran pruebas de algo turbio, que no quepa ninguna duda que recurrir\u00edan a la Justicia. Pero deben poder acceder a la informaci\u00f3n. Dicen querer que los recursos se utilicen c\u00f3mo corresponde. \u201cEl Intendente tiene que saber que tiene que dar cuenta de sus actos, que tiene que saber que los bienes est\u00e1n para ser utilizados y satisfacer las necesidades p\u00fablicas\u201d, sostiene. <\/p>\n<p><strong>Pr\u00f3ximas elecciones<\/strong><\/p>\n<p>  Desde nuestro lugar, estamos trabajando mucho, hablando con la gente, en las localidades, tratamos de estar en el d\u00eda a d\u00eda.  <\/p>\n<p>  Vemos que a la gente hoy no le alcanza, que tanto a nivel nacional, provincial y municipal se han agravado los problemas de la poblaci\u00f3n, no llegan a fin de mes, con los aumentos constates. Esto es lo que m\u00e1s nos preocupa, la baja de la actividad econ\u00f3mica, por eso desde el Frente Renovador estamos trabajando sobre los precios de la Canasta B\u00e1sica, la baja del IVA en los alimentos. Para que aquellos que m\u00e1s lo necesitan se ahorren entre $500 y $1000. <\/p>\n<p>  No vemos que este Gobierno haga algo para el que m\u00e1s necesita, y en ese sentido, en el d\u00eda a d\u00eda es dif\u00edcil hablar de pol\u00edtica cuando a la gente no le alcanza para comer.<\/p>\n<p>  Independientemente de esto, desde nuestra organizaci\u00f3n estamos trabajando como lo hacemos desde hace m\u00e1s de cuatro a\u00f1os, todav\u00eda no hay nada definido con respecto a nombres, pero s\u00ed que estamos trabajando y vamos a ser una alternativa en las pr\u00f3ximas elecciones.<\/p>\n<p><strong>Cerca de los ciudadanos<\/strong><\/p>\n<p>  Como funcionarios p\u00fablicos estamos siempre disposici\u00f3n del vecino. Siempre le decimos que pueda recurrir a nosotros para que lo ayudemos a presentar un tr\u00e1mite, para pedir un turno de un documento, para asesoramiento sobre c\u00f3mo hacer tr\u00e1mites en internet, etc.<\/p>\n<p>  Estamos a disposici\u00f3n m\u00e1s all\u00e1 de lo que son las funciones propias del concejal, obviamente que nos gustar\u00eda tener que legislar y controlar la gesti\u00f3n nada m\u00e1s. Pero nuestro compromiso hoy va m\u00e1s all\u00e1. Por eso nos metemos en los barrios, le exigimos al Intendente que cumpla cuando vemos algo que no est\u00e1 bien y, si tenemos que pedirle un favor al Intendente y es por la gente, tambi\u00e9n lo vamos a hacer. Porque lo que est\u00e1 en juego es la calidad de vida de los ciudadanos. <\/p>\n<p>  Por eso atendemos a todos y lo m\u00e1s importante, es que no les mentimos. Cuando no podemos, le decimos que no est\u00e1 nuestro alcance, tal vez podemos hacer un Proyecto y ponerlo a disposici\u00f3n del Jefe Comunal, pero, en definitiva, despu\u00e9s es \u00e9l quien decide. <\/p>\n<p>  En este sentido, desde nuestro equipo tratamos de brindar nuestra ayuda a todos los que lo que se acercan y por eso siempre estamos a disposici\u00f3n tanto trav\u00e9s del Facebook como personalmente.<\/p>\n","protected":false},"excerpt":{"rendered":"<p>En la \u00faltima reuni\u00f3n en el Concejo Deliberante hubo duros cruces entre el oficialismo y la oposici\u00f3n sobre la Rendici\u00f3n de Cuentas que se realiza antes de fin de mes. La Sesi\u00f3n Extraordinaria se extendi\u00f3 bastante ya que hubo un debate consistente al momento de evaluar los n\u00fameros planteados en el \u00e1mbito de la Comisi\u00f3n [&hellip;]<\/p>\n","protected":false},"author":4,"featured_media":19151,"comment_status":"open","ping_status":"closed","sticky":false,"template":"","format":"standard","meta":{"om_disable_all_campaigns":false,"_jetpack_memberships_contains_paid_content":false,"footnotes":""},"categories":[50,2,102],"tags":[],"class_list":["post-19150","post","type-post","status-publish","format-standard","has-post-thumbnail","hentry","category-destacadas","category-locales","category-politica-locales"],"aioseo_notices":[],"gutentor_comment":0,"jetpack_featured_media_url":"https:\/\/eldiariodesanpedro.com.ar\/sitio\/wp-content\/uploads\/2017\/05\/Ramanzini-en-El-Diario.jpg","jetpack_shortlink":"https:\/\/wp.me\/p6RhLt-4YS","jetpack_sharing_enabled":true,"_links":{"self":[{"href":"https:\/\/eldiariodesanpedro.com.ar\/sitio\/wp-json\/wp\/v2\/posts\/19150","targetHints":{"allow":["GET"]}}],"collection":[{"href":"https:\/\/eldiariodesanpedro.com.ar\/sitio\/wp-json\/wp\/v2\/posts"}],"about":[{"href":"https:\/\/eldiariodesanpedro.com.ar\/sitio\/wp-json\/wp\/v2\/types\/post"}],"author":[{"embeddable":true,"href":"https:\/\/eldiariodesanpedro.com.ar\/sitio\/wp-json\/wp\/v2\/users\/4"}],"replies":[{"embeddable":true,"href":"https:\/\/eldiariodesanpedro.com.ar\/sitio\/wp-json\/wp\/v2\/comments?post=19150"}],"version-history":[{"count":1,"href":"https:\/\/eldiariodesanpedro.com.ar\/sitio\/wp-json\/wp\/v2\/posts\/19150\/revisions"}],"predecessor-version":[{"id":19153,"href":"https:\/\/eldiariodesanpedro.com.ar\/sitio\/wp-json\/wp\/v2\/posts\/19150\/revisions\/19153"}],"wp:featuredmedia":[{"embeddable":true,"href":"https:\/\/eldiariodesanpedro.com.ar\/sitio\/wp-json\/wp\/v2\/media\/19151"}],"wp:attachment":[{"href":"https:\/\/eldiariodesanpedro.com.ar\/sitio\/wp-json\/wp\/v2\/media?parent=19150"}],"wp:term":[{"taxonomy":"category","embeddable":true,"href":"https:\/\/eldiariodesanpedro.com.ar\/sitio\/wp-json\/wp\/v2\/categories?post=19150"},{"taxonomy":"post_tag","embeddable":true,"href":"https:\/\/eldiariodesanpedro.com.ar\/sitio\/wp-json\/wp\/v2\/tags?post=19150"}],"curies":[{"name":"wp","href":"https:\/\/api.w.org\/{rel}","templated":true}]}}