{"id":19146,"date":"2017-05-31T18:05:15","date_gmt":"2017-05-31T21:05:15","guid":{"rendered":"https:\/\/eldiariodesanpedro.com.ar\/sitio\/?p=19146"},"modified":"2017-05-31T18:05:15","modified_gmt":"2017-05-31T21:05:15","slug":"a-partir-de-junio-se-puede-sacar-turno-para-el-hospital-por-internet","status":"publish","type":"post","link":"https:\/\/eldiariodesanpedro.com.ar\/sitio\/a-partir-de-junio-se-puede-sacar-turno-para-el-hospital-por-internet\/","title":{"rendered":"A partir de junio se puede sacar turno para el hospital por Internet"},"content":{"rendered":"<p><!-- VideographyWP Plugin Message: Automatic video embedding prevented by plugin options. --><br \/>\nLa Direcci\u00f3n de Modernizaci\u00f3n informa que a partir de este 1\u00ba de junio se podr\u00e1n reservar turnos para atenci\u00f3n m\u00e9dica en el Hospital a trav\u00e9s de la p\u00e1gina web del municipio <a href=\"http:\/\/www.sanpedro.gov.ar\">www.sanpedro.gov.ar<\/a> las 24 horas, o bien de forma personal en el nosocomio de 8.00 a 14.00. Una vez obtenida la reserva, se requiere la confirmaci\u00f3n presencial 30 minutos antes del inicio de atenci\u00f3n de cada m\u00e9dico. Esta confirmaci\u00f3n se har\u00e1 en la ventanilla de admisi\u00f3n del Hospital presentando DNI y n\u00famero de reserva, lo que le permitir\u00e1 obtener el n\u00famero para recibir la atenci\u00f3n m\u00e9dica.<\/p>\n<p>Cabe remarcar que la cantidad de reservas ser\u00e1 limitada en base a la demanda de cada profesional, y determinada por la Direcci\u00f3n del Hospital Subzonal \u00abDr. Emilio Ruffa\u00bb.<\/p>\n<p>C\u00f3mo reservar a trav\u00e9s de la p\u00e1gina web<\/p>\n<p>1\u00ba Paso: Para acceder al sistema de reserva de turnos web del Hospital, primero deber\u00e1 registrarse en el sitio municipal <a href=\"http:\/\/www.sanpedro.gov.ar\">www.sanpedro.gov.ar<\/a> a trav\u00e9s del bot\u00f3n \u201c<a href=\"http:\/\/www.sanpedro.gov.ar\/2016\/login.php\">Ingresar<\/a>\u201d y eligiendo la opci\u00f3n \u201cNo estoy registrado\u201d. Luego de completar los datos, se le enviar\u00e1 autom\u00e1ticamente una confirmaci\u00f3n por email, para certificar la veracidad de los mismos y confirmar la registraci\u00f3n.<\/p>\n<p>2\u00ba Paso: Una vez registrado, ingresando con las credenciales de usuario desde la solapa Gobierno Digital podr\u00e1 acceder a la reserva de turnos web. La primera vez que ingrese se le pedir\u00e1n datos adicionales, luego esa informaci\u00f3n queda asociada a su n\u00famero de DNI.<\/p>\n<p>Se solicita completar estos campos con informaci\u00f3n fidedigna ya que son importantes tanto para la reserva de turno como para las pr\u00e1cticas m\u00e9dicas que se realice dentro del Sistema P\u00fablico de Salud a fin de construir su Historia Cl\u00ednica Digital, donde se registrar\u00e1n todas las atenciones recibidas, diagn\u00f3sticos y estudios.<\/p>\n<p>Los resultados de los estudios (An\u00e1lisis de Laboratorio, Rayos X, etc.) presentes en la Historia Cl\u00ednica Digital del paciente son confidenciales. El paciente debe ser responsable de no compartir sus credenciales de acceso al sistema. El Municipio de San Pedro no se responsabiliza de la administraci\u00f3n de las claves personales de los pacientes.<\/p>\n<p>3\u00ba Paso: Una reserva de turno se puede realizar desde el d\u00eda anterior a la atenci\u00f3n hasta 7 d\u00edas previos a la misma, pudiendo modificarse este plazo para ciertos profesionales.<\/p>\n<p>En caso de que el paciente no pueda asistir a la consulta m\u00e9dica, deber\u00e1 cancelar la reserva de turno al menos el d\u00eda anterior para liberarla a otro paciente. En caso de no hacerlo, el paciente no podr\u00e1 reservar un nuevo turno, s\u00f3lo podr\u00e1 acceder a un turno de forma presencial el d\u00eda de la atenci\u00f3n. Una vez que recibi\u00f3 esa atenci\u00f3n, podr\u00e1 volver a utilizar el sistema de reservas.<\/p>\n","protected":false},"excerpt":{"rendered":"<p>La Direcci\u00f3n de Modernizaci\u00f3n informa que a partir de este 1\u00ba de junio se podr\u00e1n reservar turnos para atenci\u00f3n m\u00e9dica en el Hospital a trav\u00e9s de la p\u00e1gina web del municipio www.sanpedro.gov.ar las 24 horas, o bien de forma personal en el nosocomio de 8.00 a 14.00. Una vez obtenida la reserva, se requiere la [&hellip;]<\/p>\n","protected":false},"author":4,"featured_media":19147,"comment_status":"open","ping_status":"closed","sticky":false,"template":"","format":"standard","meta":{"om_disable_all_campaigns":false,"_jetpack_memberships_contains_paid_content":false,"footnotes":""},"categories":[50,101,2],"tags":[],"class_list":["post-19146","post","type-post","status-publish","format-standard","has-post-thumbnail","hentry","category-destacadas","category-interes-general-locales","category-locales"],"aioseo_notices":[],"gutentor_comment":0,"jetpack_featured_media_url":"https:\/\/eldiariodesanpedro.com.ar\/sitio\/wp-content\/uploads\/2017\/05\/sist-mod-gob-digital.png","jetpack_shortlink":"https:\/\/wp.me\/p6RhLt-4YO","jetpack_sharing_enabled":true,"_links":{"self":[{"href":"https:\/\/eldiariodesanpedro.com.ar\/sitio\/wp-json\/wp\/v2\/posts\/19146","targetHints":{"allow":["GET"]}}],"collection":[{"href":"https:\/\/eldiariodesanpedro.com.ar\/sitio\/wp-json\/wp\/v2\/posts"}],"about":[{"href":"https:\/\/eldiariodesanpedro.com.ar\/sitio\/wp-json\/wp\/v2\/types\/post"}],"author":[{"embeddable":true,"href":"https:\/\/eldiariodesanpedro.com.ar\/sitio\/wp-json\/wp\/v2\/users\/4"}],"replies":[{"embeddable":true,"href":"https:\/\/eldiariodesanpedro.com.ar\/sitio\/wp-json\/wp\/v2\/comments?post=19146"}],"version-history":[{"count":1,"href":"https:\/\/eldiariodesanpedro.com.ar\/sitio\/wp-json\/wp\/v2\/posts\/19146\/revisions"}],"predecessor-version":[{"id":19148,"href":"https:\/\/eldiariodesanpedro.com.ar\/sitio\/wp-json\/wp\/v2\/posts\/19146\/revisions\/19148"}],"wp:featuredmedia":[{"embeddable":true,"href":"https:\/\/eldiariodesanpedro.com.ar\/sitio\/wp-json\/wp\/v2\/media\/19147"}],"wp:attachment":[{"href":"https:\/\/eldiariodesanpedro.com.ar\/sitio\/wp-json\/wp\/v2\/media?parent=19146"}],"wp:term":[{"taxonomy":"category","embeddable":true,"href":"https:\/\/eldiariodesanpedro.com.ar\/sitio\/wp-json\/wp\/v2\/categories?post=19146"},{"taxonomy":"post_tag","embeddable":true,"href":"https:\/\/eldiariodesanpedro.com.ar\/sitio\/wp-json\/wp\/v2\/tags?post=19146"}],"curies":[{"name":"wp","href":"https:\/\/api.w.org\/{rel}","templated":true}]}}