{"id":19140,"date":"2017-05-30T19:39:43","date_gmt":"2017-05-30T22:39:43","guid":{"rendered":"https:\/\/eldiariodesanpedro.com.ar\/sitio\/?p=19140"},"modified":"2026-01-24T00:26:02","modified_gmt":"2026-01-24T03:26:02","slug":"automovilismo-victorias-para-iglesias-y-ricardo","status":"publish","type":"post","link":"https:\/\/eldiariodesanpedro.com.ar\/sitio\/automovilismo-victorias-para-iglesias-y-ricardo\/","title":{"rendered":"AUTOMOVILISMO: Victorias para Iglesias y Ricardo"},"content":{"rendered":"<p><!-- VideographyWP Plugin Message: Automatic video embedding prevented by plugin options. --><br \/>\n  Ya cerrado el fin de semana, se corri\u00f3 la Tercera Fecha de la Federaci\u00f3n Norte de Automovilismo (FEDENOR) en el circuito de la ciudad de Col\u00f3n (BS.AS). Como siempre, gran caudal de pilotos y autos sampedrinos se hicieron presentes en las distintas categor\u00edas.<\/p>\n<p>   El TC 850 tuvo un podio integrado por protagonistas de nuestra ciudad. El ganador fue Pablo Ricardo obteniendo su segunda victoria dentro de la divisional. Fue seguido por Osvaldo del Prado que obtuvo un excelente rendimiento durante todo el fin de semana y, tercero fue Maximiliano Maes con un andar deseado de la m\u00e1quina que conduce.<\/p>\n<p>  M\u00e1s atr\u00e1s, se encontraban Mat\u00edas Fern\u00e1ndez Motta, Gustavo Ant\u00fanez, Diego Luppi, Sergio Ocampo, Joaqu\u00edn Bertoluzzi, Luciano Stefanazzi y completando los diez primeros Pablo Marelli.<\/p>\n<p>  Pasando a la categor\u00eda de mayor potencia, el TC Zonal, Juan Manuel Iglesias (ex Turismo de Carretera) obtuvo un tercer puesto con algunas fallas en su auto que se fueron limpiando y eliminando a lo largo de las vueltas que transcurr\u00edan. Por la tarde se consagr\u00f3 como ganador con una carrera interesante en la punta, ya que se disput\u00f3 por ella. Segundo termin\u00f3 Facundo Mart\u00ednez, y Dar\u00edo Matkovich cerr\u00f3 el podio. <\/p>\n<p>  Ya en el TC 4000 limitado, el escal\u00f3n m\u00e1s alto fue para Facundo Peluzza, luego lo siguieron Eduardo Reverter, Andr\u00e9s Detomassi y Rub\u00e9n Artigues. Este \u00faltimo cumpli\u00f3 con puntos importantes para el campeonato, posicion\u00e1ndolo de buena manera para la pr\u00f3xima fecha.<\/p>\n<p>  Dentro de la F\u00f3rmula Renault Bonaerense, se dio una carrera de gran velocidad donde se lo encontr\u00f3 en la cima a Dar\u00edo Elisei, segundo Carlos Hern\u00e1ndez, tercero Federico Mart\u00ednez, cuarto Ramiro Marinucci, y quinto nuestro protagonista Ezequiel Iglesias, mejorando su andar.<\/p>\n<p>  La pr\u00f3xima Fecha se disputar\u00e1 en el costanero de Arrecifes, aun sin fecha exacta confirmada. Por ahora, ser\u00e1 con invitados para todas las categor\u00edas, menos el TC 4000 limitado.<br \/>\n(Qendresa Solmi)<\/p>\n","protected":false},"excerpt":{"rendered":"<p>Ya cerrado el fin de semana, se corri\u00f3 la Tercera Fecha de la Federaci\u00f3n Norte de Automovilismo (FEDENOR) en el circuito de la ciudad de Col\u00f3n (BS.AS). Como siempre, gran caudal de pilotos y autos sampedrinos se hicieron presentes en las distintas categor\u00edas. El TC 850 tuvo un podio integrado por protagonistas de nuestra ciudad. [&hellip;]<\/p>\n","protected":false},"author":4,"featured_media":19141,"comment_status":"open","ping_status":"closed","sticky":false,"template":"","format":"standard","meta":{"om_disable_all_campaigns":false,"_jetpack_memberships_contains_paid_content":false,"footnotes":""},"categories":[5],"tags":[],"class_list":["post-19140","post","type-post","status-publish","format-standard","has-post-thumbnail","hentry","category-deportes"],"aioseo_notices":[],"gutentor_comment":0,"jetpack_featured_media_url":"https:\/\/eldiariodesanpedro.com.ar\/sitio\/wp-content\/uploads\/2017\/05\/Pablo-Ricardo-se-qued\u00f3-con-la-victoria-en-Col\u00f3n-.jpg","jetpack_shortlink":"https:\/\/wp.me\/p6RhLt-4YI","jetpack_sharing_enabled":true,"_links":{"self":[{"href":"https:\/\/eldiariodesanpedro.com.ar\/sitio\/wp-json\/wp\/v2\/posts\/19140","targetHints":{"allow":["GET"]}}],"collection":[{"href":"https:\/\/eldiariodesanpedro.com.ar\/sitio\/wp-json\/wp\/v2\/posts"}],"about":[{"href":"https:\/\/eldiariodesanpedro.com.ar\/sitio\/wp-json\/wp\/v2\/types\/post"}],"author":[{"embeddable":true,"href":"https:\/\/eldiariodesanpedro.com.ar\/sitio\/wp-json\/wp\/v2\/users\/4"}],"replies":[{"embeddable":true,"href":"https:\/\/eldiariodesanpedro.com.ar\/sitio\/wp-json\/wp\/v2\/comments?post=19140"}],"version-history":[{"count":1,"href":"https:\/\/eldiariodesanpedro.com.ar\/sitio\/wp-json\/wp\/v2\/posts\/19140\/revisions"}],"predecessor-version":[{"id":19142,"href":"https:\/\/eldiariodesanpedro.com.ar\/sitio\/wp-json\/wp\/v2\/posts\/19140\/revisions\/19142"}],"wp:featuredmedia":[{"embeddable":true,"href":"https:\/\/eldiariodesanpedro.com.ar\/sitio\/wp-json\/wp\/v2\/media\/19141"}],"wp:attachment":[{"href":"https:\/\/eldiariodesanpedro.com.ar\/sitio\/wp-json\/wp\/v2\/media?parent=19140"}],"wp:term":[{"taxonomy":"category","embeddable":true,"href":"https:\/\/eldiariodesanpedro.com.ar\/sitio\/wp-json\/wp\/v2\/categories?post=19140"},{"taxonomy":"post_tag","embeddable":true,"href":"https:\/\/eldiariodesanpedro.com.ar\/sitio\/wp-json\/wp\/v2\/tags?post=19140"}],"curies":[{"name":"wp","href":"https:\/\/api.w.org\/{rel}","templated":true}]}}