{"id":19134,"date":"2017-05-30T19:10:47","date_gmt":"2017-05-30T22:10:47","guid":{"rendered":"https:\/\/eldiariodesanpedro.com.ar\/sitio\/?p=19134"},"modified":"2017-05-30T19:10:47","modified_gmt":"2017-05-30T22:10:47","slug":"declaran-el-estado-de-emergencia-por-inundaciones-a-tierras-de-productores","status":"publish","type":"post","link":"https:\/\/eldiariodesanpedro.com.ar\/sitio\/declaran-el-estado-de-emergencia-por-inundaciones-a-tierras-de-productores\/","title":{"rendered":"Declaran el estado de emergencia por inundaciones a tierras de productores"},"content":{"rendered":"<p><!-- VideographyWP Plugin Message: Automatic video embedding prevented by plugin options. --><br \/>\nEl gobierno de la provincia de Buenos Aires dio a conocer esa decisi\u00f3n tras la publicaci\u00f3n de la resoluci\u00f3n en el Bolet\u00edn Oficial. La medida es por \u201cla cr\u00edtica situaci\u00f3n por la que atraviesan numerosas explotaciones rurales\u201d.<\/p>\n<p>El Gobierno bonaerense declar\u00f3 el estado de emergencia por inundaciones en explotaciones rurales de los partidos de Col\u00f3n, Jun\u00edn y Rojas, mediante una resoluci\u00f3n publicada hoy en el Bolet\u00edn Oficial bonaerense.<\/p>\n<p>La resoluci\u00f3n 103, firmada por el ministro de Agroindustria de la provincia de Buenos Aires, Leonardo Sarqu\u00eds, detalla que el estado de emergencia alcanza a aquellos productores \u00abque desarrollen como actividad principal la explotaci\u00f3n agropecuaria\u00bb.<\/p>\n<p>Establece que se dar\u00e1 intervenci\u00f3n al Banco de la Provincia de Buenos Aires para que tome las medidas necesarias para la efectivizaci\u00f3n de los beneficios crediticios previstos en la Ley 10.390 de Emergencia Agropecuaria.<\/p>\n<p>En los fundamentos, la resoluci\u00f3n sostiene que \u00abla medida propiciada se fundamenta en la cr\u00edtica situaci\u00f3n por la que atraviesan numerosas explotaciones rurales, con motivo de fen\u00f3menos naturales adversos de car\u00e1cter extraordinario\u00bb. (http:\/\/infocielo.com)<\/p>\n","protected":false},"excerpt":{"rendered":"<p>El gobierno de la provincia de Buenos Aires dio a conocer esa decisi\u00f3n tras la publicaci\u00f3n de la resoluci\u00f3n en el Bolet\u00edn Oficial. La medida es por \u201cla cr\u00edtica situaci\u00f3n por la que atraviesan numerosas explotaciones rurales\u201d. El Gobierno bonaerense declar\u00f3 el estado de emergencia por inundaciones en explotaciones rurales de los partidos de Col\u00f3n, [&hellip;]<\/p>\n","protected":false},"author":4,"featured_media":19136,"comment_status":"open","ping_status":"closed","sticky":false,"template":"","format":"standard","meta":{"om_disable_all_campaigns":false,"_jetpack_memberships_contains_paid_content":false,"footnotes":""},"categories":[621],"tags":[],"class_list":["post-19134","post","type-post","status-publish","format-standard","has-post-thumbnail","hentry","category-regionales"],"aioseo_notices":[],"gutentor_comment":0,"jetpack_featured_media_url":"https:\/\/eldiariodesanpedro.com.ar\/sitio\/wp-content\/uploads\/2017\/05\/inundacion-campo.jpg","jetpack_shortlink":"https:\/\/wp.me\/p6RhLt-4YC","jetpack_sharing_enabled":true,"_links":{"self":[{"href":"https:\/\/eldiariodesanpedro.com.ar\/sitio\/wp-json\/wp\/v2\/posts\/19134","targetHints":{"allow":["GET"]}}],"collection":[{"href":"https:\/\/eldiariodesanpedro.com.ar\/sitio\/wp-json\/wp\/v2\/posts"}],"about":[{"href":"https:\/\/eldiariodesanpedro.com.ar\/sitio\/wp-json\/wp\/v2\/types\/post"}],"author":[{"embeddable":true,"href":"https:\/\/eldiariodesanpedro.com.ar\/sitio\/wp-json\/wp\/v2\/users\/4"}],"replies":[{"embeddable":true,"href":"https:\/\/eldiariodesanpedro.com.ar\/sitio\/wp-json\/wp\/v2\/comments?post=19134"}],"version-history":[{"count":1,"href":"https:\/\/eldiariodesanpedro.com.ar\/sitio\/wp-json\/wp\/v2\/posts\/19134\/revisions"}],"predecessor-version":[{"id":19137,"href":"https:\/\/eldiariodesanpedro.com.ar\/sitio\/wp-json\/wp\/v2\/posts\/19134\/revisions\/19137"}],"wp:featuredmedia":[{"embeddable":true,"href":"https:\/\/eldiariodesanpedro.com.ar\/sitio\/wp-json\/wp\/v2\/media\/19136"}],"wp:attachment":[{"href":"https:\/\/eldiariodesanpedro.com.ar\/sitio\/wp-json\/wp\/v2\/media?parent=19134"}],"wp:term":[{"taxonomy":"category","embeddable":true,"href":"https:\/\/eldiariodesanpedro.com.ar\/sitio\/wp-json\/wp\/v2\/categories?post=19134"},{"taxonomy":"post_tag","embeddable":true,"href":"https:\/\/eldiariodesanpedro.com.ar\/sitio\/wp-json\/wp\/v2\/tags?post=19134"}],"curies":[{"name":"wp","href":"https:\/\/api.w.org\/{rel}","templated":true}]}}