{"id":19132,"date":"2017-05-30T19:08:32","date_gmt":"2017-05-30T22:08:32","guid":{"rendered":"https:\/\/eldiariodesanpedro.com.ar\/sitio\/?p=19132"},"modified":"2017-05-30T19:08:32","modified_gmt":"2017-05-30T22:08:32","slug":"campana-un-fuerte-golpe-para-la-industria-de-la-region-cierra-carboclor","status":"publish","type":"post","link":"https:\/\/eldiariodesanpedro.com.ar\/sitio\/campana-un-fuerte-golpe-para-la-industria-de-la-region-cierra-carboclor\/","title":{"rendered":"CAMPANA: Un fuerte golpe para la industria de la regi\u00f3n, cierra Carboclor"},"content":{"rendered":"<p><!-- VideographyWP Plugin Message: Automatic video embedding prevented by plugin options. --><br \/>\nLa agon\u00eda se extendi\u00f3 por varios a\u00f1os y lleg\u00f3 el final tan temido: la empresa Carboclor, donde trabajan cerca de 200 personas. cerrar\u00e1 su planta en Campana.<\/p>\n<p>En diciembre del a\u00f1o pasado, la cr\u00edtica situaci\u00f3n era confirmada por la propia empresa, a trav\u00e9s de un comunicado: \u201cCarboclor, filial de ANCAP en Argentina, no muestra signos de recuperaci\u00f3n en su balance m\u00e1s reciente, ya que la producci\u00f3n cay\u00f3 por debajo de los \u201cniveles normales\u201d causada por deficiencias financieras que a su vez llevaron a una disminuci\u00f3n de la entrada de materias primas a la refiner\u00eda de Campana en la provincia de Buenos Aires\u201d.<\/p>\n<p>El primer paso fue el llamado a concurso preventivo, donde Ancap aseguraba \u201chonrar\u00e1 oportunamente los compromisos relacionados con las obligaciones negociables por 95 millones de pesos argentinos de las que es garante\u201d, pero la recuperaci\u00f3n por pocos esperada nunca lleg\u00f3.<\/p>\n<p>La confirmaci\u00f3n del cierre tom\u00f3 car\u00e1cter oficial con la comunicaci\u00f3n efectuada por Mariana Trentin, responsable de Relaciones con el Mercado, ante la comisi\u00f3n nacional de valores donde opera hasta hoy: \u201cel Directorio de la Sociedad en el d\u00eda de la fecha resolvi\u00f3 comenzar en forma inmediata un proceso de reestructuraci\u00f3n debido a la grave situaci\u00f3n financiera que atraviesa la Sociedad. En este sentido, resolvi\u00f3 cerrar las plantas de Solventes Oxigenados y Solventes Alif\u00e1ticos y Arom\u00e1ticos y concentrarse en el negocio de almacenaje y log\u00edstica asociado a la terminal portuaria\u201d, haciendo referencia a las instalaciones industriales en Campana.<\/p>\n<p>El comunicado se\u00f1ala que \u201cla medida implica desvincular al personal afectado a las operaciones de las plantas que se proceder\u00e1n a cerrar, el Directorio aprob\u00f3 la presentaci\u00f3n de un Procedimiento Preventivo de Crisis ante el Ministerio de Trabajo de la Naci\u00f3n\u201d.<\/p>\n<p>Este lunes, varios empleados no pudieron ingresar a la planta ubicada sobre la Av. Larrabure; seg\u00fan fuentes consultadas, en marzo una auditor\u00eda dio cuenta que la planta funcionaba parcialmente y algunas versiones indicaban, que hubo ofrecimientos al personal de acuerdos por un 70% de la indemnizaci\u00f3n, por un 50% con quienes se negaran y la siempre posibilidad de entrar en litigio legal.<\/p>\n<p>Unos 30 administrativos, sumados a otros 90 operarios, quedar\u00edan en la calle, \u00fanicamente se mantendr\u00eda una treintena de personas que se desempe\u00f1a en los sectores de almacenamiento y puerto, que seguir\u00edan funcionando dentro de una empresa \u201cfantasma\u201d.<\/p>\n<p>Radicada en Campana desde 1968, Carboclor es una productora-comercializadora de productos qu\u00edmicos y petroqu\u00edmicos, como as\u00ed tambi\u00e9n proveedora de servicios de puerto, almacenaje y log\u00edstica. Con casi medio siglo de vida, su cierre ser\u00e1 un fuerte golpe para la industria de la regi\u00f3n. (http:\/\/www.enlacecritico.com)<\/p>\n","protected":false},"excerpt":{"rendered":"<p>La agon\u00eda se extendi\u00f3 por varios a\u00f1os y lleg\u00f3 el final tan temido: la empresa Carboclor, donde trabajan cerca de 200 personas. cerrar\u00e1 su planta en Campana. En diciembre del a\u00f1o pasado, la cr\u00edtica situaci\u00f3n era confirmada por la propia empresa, a trav\u00e9s de un comunicado: \u201cCarboclor, filial de ANCAP en Argentina, no muestra signos [&hellip;]<\/p>\n","protected":false},"author":4,"featured_media":19133,"comment_status":"open","ping_status":"closed","sticky":false,"template":"","format":"standard","meta":{"om_disable_all_campaigns":false,"_jetpack_memberships_contains_paid_content":false,"footnotes":""},"categories":[621],"tags":[],"class_list":["post-19132","post","type-post","status-publish","format-standard","has-post-thumbnail","hentry","category-regionales"],"aioseo_notices":[],"gutentor_comment":0,"jetpack_featured_media_url":"https:\/\/eldiariodesanpedro.com.ar\/sitio\/wp-content\/uploads\/2017\/05\/Carboclor.jpg","jetpack_shortlink":"https:\/\/wp.me\/p6RhLt-4YA","jetpack_sharing_enabled":true,"_links":{"self":[{"href":"https:\/\/eldiariodesanpedro.com.ar\/sitio\/wp-json\/wp\/v2\/posts\/19132","targetHints":{"allow":["GET"]}}],"collection":[{"href":"https:\/\/eldiariodesanpedro.com.ar\/sitio\/wp-json\/wp\/v2\/posts"}],"about":[{"href":"https:\/\/eldiariodesanpedro.com.ar\/sitio\/wp-json\/wp\/v2\/types\/post"}],"author":[{"embeddable":true,"href":"https:\/\/eldiariodesanpedro.com.ar\/sitio\/wp-json\/wp\/v2\/users\/4"}],"replies":[{"embeddable":true,"href":"https:\/\/eldiariodesanpedro.com.ar\/sitio\/wp-json\/wp\/v2\/comments?post=19132"}],"version-history":[{"count":1,"href":"https:\/\/eldiariodesanpedro.com.ar\/sitio\/wp-json\/wp\/v2\/posts\/19132\/revisions"}],"predecessor-version":[{"id":19135,"href":"https:\/\/eldiariodesanpedro.com.ar\/sitio\/wp-json\/wp\/v2\/posts\/19132\/revisions\/19135"}],"wp:featuredmedia":[{"embeddable":true,"href":"https:\/\/eldiariodesanpedro.com.ar\/sitio\/wp-json\/wp\/v2\/media\/19133"}],"wp:attachment":[{"href":"https:\/\/eldiariodesanpedro.com.ar\/sitio\/wp-json\/wp\/v2\/media?parent=19132"}],"wp:term":[{"taxonomy":"category","embeddable":true,"href":"https:\/\/eldiariodesanpedro.com.ar\/sitio\/wp-json\/wp\/v2\/categories?post=19132"},{"taxonomy":"post_tag","embeddable":true,"href":"https:\/\/eldiariodesanpedro.com.ar\/sitio\/wp-json\/wp\/v2\/tags?post=19132"}],"curies":[{"name":"wp","href":"https:\/\/api.w.org\/{rel}","templated":true}]}}