{"id":19129,"date":"2017-05-30T19:05:58","date_gmt":"2017-05-30T22:05:58","guid":{"rendered":"https:\/\/eldiariodesanpedro.com.ar\/sitio\/?p=19129"},"modified":"2017-05-30T19:05:58","modified_gmt":"2017-05-30T22:05:58","slug":"el-miedo-a-la-traffic-blanca-se-creo-una-comision-de-fiscales-para-investigar-la-ola-denuncias","status":"publish","type":"post","link":"https:\/\/eldiariodesanpedro.com.ar\/sitio\/el-miedo-a-la-traffic-blanca-se-creo-una-comision-de-fiscales-para-investigar-la-ola-denuncias\/","title":{"rendered":"El miedo a la Traffic blanca: se cre\u00f3 una comisi\u00f3n de fiscales para investigar la ola denuncias"},"content":{"rendered":"<p><!-- VideographyWP Plugin Message: Automatic video embedding prevented by plugin options. --><br \/>\nLa procuradora general de la Naci\u00f3n cre\u00f3 una comisi\u00f3n de fiscales para investigar los secuestros o intentos de secuestros, en general de mujeres j\u00f3venes y\/o adolescentes, en la v\u00eda p\u00fablica \u00abmediante la utilizaci\u00f3n de camionetas tipo &#8216;Traffic&#8217; blancas o veh\u00edculos de similares caracter\u00edsticas\u00bb, tal como indica la resoluci\u00f3n PGN 1330\/2017.<\/p>\n<p>Alejandra Gils Carb\u00f3 indic\u00f3 adem\u00e1s que el equipo estar\u00e1 integrado por los fiscales Marcelo Colombo y Alejandra M\u00e1ngano (Procuradur\u00eda de Trata y Explotaci\u00f3n de Personas -Protex), Marcelo Mart\u00ednez Burgos (Fiscal\u00eda de Distrito del Barrio de la Boca), Mat\u00edas Di Lello (Fiscal\u00eda Federal de Primera Instancia de San Isidro), Sebasti\u00e1n Basso (Fiscal\u00eda Federal de Primera Instancia N\u00ba1 de Mor\u00f3n), Santiago Marquevich (Unidad Fiscal Especializada en Secuestros Extorsivos &#8211; UFESE), Mariela Labozzetta (Unidad Fiscal Especializada de Violencia contra las Mujeres &#8211; UFEM) y Diego Garc\u00eda Yomha (Direcci\u00f3n General de An\u00e1lisis Criminal y Planificaci\u00f3n Estrat\u00e9gica de la Persecuci\u00f3n Penal &#8211; DAC).<\/p>\n<p>La labor de la Comisi\u00f3n ser\u00e1 en primer lugar realizar un revelamiento \u00abde todos aquellos casos que pudieran encuadrar en el fen\u00f3meno delictivo\u00bb. Los representantes del Ministerio P\u00fablico deber\u00e1n adem\u00e1s formular un \u00abdiagn\u00f3stico acerca de la existencia o no de una sistematicidad\u00bb en \u00abla comisi\u00f3n, modalidades y frecuencia, lugares de ocurrencia y toda otra circunstancia que surja del an\u00e1lisis de los casos\u00bb y elevar una propuesta sobre posibles formas de intervenci\u00f3n institucional\u00bb.<\/p>\n<p>La propuesta hab\u00eda sido elevada a la procuradora por los cotitulares de la Protex, los fiscales Colombo y M\u00e1ngano, quienes junto a la DAC advirtieron sobre el incremento de este tipo de hechos denunciados sobre todo en las redes sociales, por lo que sugirieron realizar un estudio exhaustivo de la problem\u00e1tica, ampliando el universo.<\/p>\n","protected":false},"excerpt":{"rendered":"<p>La procuradora general de la Naci\u00f3n cre\u00f3 una comisi\u00f3n de fiscales para investigar los secuestros o intentos de secuestros, en general de mujeres j\u00f3venes y\/o adolescentes, en la v\u00eda p\u00fablica \u00abmediante la utilizaci\u00f3n de camionetas tipo &#8216;Traffic&#8217; blancas o veh\u00edculos de similares caracter\u00edsticas\u00bb, tal como indica la resoluci\u00f3n PGN 1330\/2017. Alejandra Gils Carb\u00f3 indic\u00f3 adem\u00e1s [&hellip;]<\/p>\n","protected":false},"author":4,"featured_media":19130,"comment_status":"open","ping_status":"closed","sticky":false,"template":"","format":"standard","meta":{"om_disable_all_campaigns":false,"_jetpack_memberships_contains_paid_content":false,"footnotes":""},"categories":[2,103],"tags":[],"class_list":["post-19129","post","type-post","status-publish","format-standard","has-post-thumbnail","hentry","category-locales","category-policiales-locales"],"aioseo_notices":[],"gutentor_comment":0,"jetpack_featured_media_url":"https:\/\/eldiariodesanpedro.com.ar\/sitio\/wp-content\/uploads\/2017\/05\/trafic-blanca.jpg","jetpack_shortlink":"https:\/\/wp.me\/p6RhLt-4Yx","jetpack_sharing_enabled":true,"_links":{"self":[{"href":"https:\/\/eldiariodesanpedro.com.ar\/sitio\/wp-json\/wp\/v2\/posts\/19129","targetHints":{"allow":["GET"]}}],"collection":[{"href":"https:\/\/eldiariodesanpedro.com.ar\/sitio\/wp-json\/wp\/v2\/posts"}],"about":[{"href":"https:\/\/eldiariodesanpedro.com.ar\/sitio\/wp-json\/wp\/v2\/types\/post"}],"author":[{"embeddable":true,"href":"https:\/\/eldiariodesanpedro.com.ar\/sitio\/wp-json\/wp\/v2\/users\/4"}],"replies":[{"embeddable":true,"href":"https:\/\/eldiariodesanpedro.com.ar\/sitio\/wp-json\/wp\/v2\/comments?post=19129"}],"version-history":[{"count":1,"href":"https:\/\/eldiariodesanpedro.com.ar\/sitio\/wp-json\/wp\/v2\/posts\/19129\/revisions"}],"predecessor-version":[{"id":19131,"href":"https:\/\/eldiariodesanpedro.com.ar\/sitio\/wp-json\/wp\/v2\/posts\/19129\/revisions\/19131"}],"wp:featuredmedia":[{"embeddable":true,"href":"https:\/\/eldiariodesanpedro.com.ar\/sitio\/wp-json\/wp\/v2\/media\/19130"}],"wp:attachment":[{"href":"https:\/\/eldiariodesanpedro.com.ar\/sitio\/wp-json\/wp\/v2\/media?parent=19129"}],"wp:term":[{"taxonomy":"category","embeddable":true,"href":"https:\/\/eldiariodesanpedro.com.ar\/sitio\/wp-json\/wp\/v2\/categories?post=19129"},{"taxonomy":"post_tag","embeddable":true,"href":"https:\/\/eldiariodesanpedro.com.ar\/sitio\/wp-json\/wp\/v2\/tags?post=19129"}],"curies":[{"name":"wp","href":"https:\/\/api.w.org\/{rel}","templated":true}]}}