{"id":19125,"date":"2017-05-30T19:01:55","date_gmt":"2017-05-30T22:01:55","guid":{"rendered":"https:\/\/eldiariodesanpedro.com.ar\/sitio\/?p=19125"},"modified":"2017-05-30T19:01:55","modified_gmt":"2017-05-30T22:01:55","slug":"denunciaron-a-chinos-por-llevarse-perros-de-la-via-publica-para-ser-consumidos","status":"publish","type":"post","link":"https:\/\/eldiariodesanpedro.com.ar\/sitio\/denunciaron-a-chinos-por-llevarse-perros-de-la-via-publica-para-ser-consumidos\/","title":{"rendered":"Denunciaron a chinos por llevarse perros de la v\u00eda p\u00fablica para ser consumidos"},"content":{"rendered":"<p><!-- VideographyWP Plugin Message: Automatic video embedding prevented by plugin options. --><br \/>\nNuevamente esta situaci\u00f3n es expuesta por proteccionistas de los animales. En los \u00faltimos tiempos ha sido importante la cantidad de gatos y perros, que son buscados y para ello se ha creado el grupo de Facebook \u201cMascotas Perdidas San Pedro\u201d.<\/p>\n<p>No significa que todos los animales publicados en la red social est\u00e1n relacionados a esta situaci\u00f3n, pero s\u00ed llama la atenci\u00f3n que en los \u00faltimos tiempos se ha incrementado la cantidad de personas que buscan a sus mascotas perdidas.<\/p>\n<p>Fabi\u00e1n Rodr\u00edguez, hizo p\u00fablica la situaci\u00f3n a trav\u00e9s de su Facebook: \u201cLa verdad es que ya no se de que forma pedir y decir que cuiden a sus animales, que no los dejen solos, que no los larguen como lo hacen de costumbre\u201d. Y agreg\u00f3: \u201cSe comprob\u00f3 una nueva modalidad en nuestra ciudad y es que hay un punto de reuni\u00f3n, donde se juntan los propietarios y visitantes de los super chinos de nuestra ciudad y se dedican a cocinarlos y com\u00e9rselos. Si a comerse los perros que encuentran a mano o f\u00e1ciles de llevar\u201d. Luego asegur\u00f3: \u201cHay una denuncia radicada en nuestra ciudad por dicha pr\u00e1ctica\u201d.<\/p>\n<p>La denuncia fue radicada en La comisar\u00eda local con datos precisos que respaldan las publicaciones realizadas en redes sociales.<\/p>\n<p>Cabe recordar que a\u00f1os atr\u00e1s, m\u00e1s precisamente en el a\u00f1o 2014, cuando en la zona trasera del un supermercado de capitales asi\u00e1ticos se encontraron perros enjaulados, presuntamente para su consumo.<\/p>\n<p>Cabe destacar que Ley Nacional 14346 de Protecci\u00f3n a los Animales en su art\u00edculo 1\u00ba establece que ser\u00e1 reprimido con prisi\u00f3n de 15 d\u00edas a un a\u00f1o, \u201cal que infringiere malos tratos o los hiciere v\u00edctima de actos de crueldad\u201d y considera como actos de maltrato \u201cno alimentarlos en cantidad y calidad suficiente\u201d y \u201cde crueldad\u201d, entre otros, el \u201ccausarles sufrimientos innecesarios\u201d.<\/p>\n","protected":false},"excerpt":{"rendered":"<p>Nuevamente esta situaci\u00f3n es expuesta por proteccionistas de los animales. En los \u00faltimos tiempos ha sido importante la cantidad de gatos y perros, que son buscados y para ello se ha creado el grupo de Facebook \u201cMascotas Perdidas San Pedro\u201d. No significa que todos los animales publicados en la red social est\u00e1n relacionados a esta [&hellip;]<\/p>\n","protected":false},"author":4,"featured_media":19127,"comment_status":"open","ping_status":"closed","sticky":false,"template":"","format":"standard","meta":{"om_disable_all_campaigns":false,"_jetpack_memberships_contains_paid_content":false,"footnotes":""},"categories":[101,2],"tags":[],"class_list":["post-19125","post","type-post","status-publish","format-standard","has-post-thumbnail","hentry","category-interes-general-locales","category-locales"],"aioseo_notices":[],"gutentor_comment":0,"jetpack_featured_media_url":"https:\/\/eldiariodesanpedro.com.ar\/sitio\/wp-content\/uploads\/2017\/05\/Denunciaron-a-chinos-por-llevarse-perros-de-la-v\u00eda-p\u00fablica-para-ser-consumidos.jpg","jetpack_shortlink":"https:\/\/wp.me\/p6RhLt-4Yt","jetpack_sharing_enabled":true,"_links":{"self":[{"href":"https:\/\/eldiariodesanpedro.com.ar\/sitio\/wp-json\/wp\/v2\/posts\/19125","targetHints":{"allow":["GET"]}}],"collection":[{"href":"https:\/\/eldiariodesanpedro.com.ar\/sitio\/wp-json\/wp\/v2\/posts"}],"about":[{"href":"https:\/\/eldiariodesanpedro.com.ar\/sitio\/wp-json\/wp\/v2\/types\/post"}],"author":[{"embeddable":true,"href":"https:\/\/eldiariodesanpedro.com.ar\/sitio\/wp-json\/wp\/v2\/users\/4"}],"replies":[{"embeddable":true,"href":"https:\/\/eldiariodesanpedro.com.ar\/sitio\/wp-json\/wp\/v2\/comments?post=19125"}],"version-history":[{"count":1,"href":"https:\/\/eldiariodesanpedro.com.ar\/sitio\/wp-json\/wp\/v2\/posts\/19125\/revisions"}],"predecessor-version":[{"id":19128,"href":"https:\/\/eldiariodesanpedro.com.ar\/sitio\/wp-json\/wp\/v2\/posts\/19125\/revisions\/19128"}],"wp:featuredmedia":[{"embeddable":true,"href":"https:\/\/eldiariodesanpedro.com.ar\/sitio\/wp-json\/wp\/v2\/media\/19127"}],"wp:attachment":[{"href":"https:\/\/eldiariodesanpedro.com.ar\/sitio\/wp-json\/wp\/v2\/media?parent=19125"}],"wp:term":[{"taxonomy":"category","embeddable":true,"href":"https:\/\/eldiariodesanpedro.com.ar\/sitio\/wp-json\/wp\/v2\/categories?post=19125"},{"taxonomy":"post_tag","embeddable":true,"href":"https:\/\/eldiariodesanpedro.com.ar\/sitio\/wp-json\/wp\/v2\/tags?post=19125"}],"curies":[{"name":"wp","href":"https:\/\/api.w.org\/{rel}","templated":true}]}}