{"id":19122,"date":"2017-05-30T18:58:36","date_gmt":"2017-05-30T21:58:36","guid":{"rendered":"https:\/\/eldiariodesanpedro.com.ar\/sitio\/?p=19122"},"modified":"2017-05-30T18:58:36","modified_gmt":"2017-05-30T21:58:36","slug":"la-anses-entregara-los-certificados-de-vivienda-familiar-en-barrios-populares","status":"publish","type":"post","link":"https:\/\/eldiariodesanpedro.com.ar\/sitio\/la-anses-entregara-los-certificados-de-vivienda-familiar-en-barrios-populares\/","title":{"rendered":"La ANSES entregar\u00e1 los certificados de vivienda familiar en barrios populares"},"content":{"rendered":"<p><!-- VideographyWP Plugin Message: Automatic video embedding prevented by plugin options. --><br \/>\nA partir del 1\u00ba de junio, otorgar\u00e1 certificados de vivienda familiar a m\u00e1s de un mill\u00f3n y medio de personas que viven en 4100 asentamientos relevados desde el a\u00f1o pasado, radicados en territorios pertenecientes al Estado Nacional o particulares. Adem\u00e1s, pr\u00f3ximamente el organismo habilitar\u00e1 un acceso telef\u00f3nico por medio del canal de atenci\u00f3n 130. <\/p>\n<p>La funci\u00f3n principal de este documento que entrega la ANSES ser\u00e1 que las personas puedan acreditar su domicilio y ser\u00e1 v\u00e1lido ante cualquier autoridad p\u00fablica, nacional, provincial o municipal o empresas privadas. Asimismo, servir\u00e1 para declarar el domicilio legal o fiscal ante la Administraci\u00f3n Federal de Ingresos P\u00fablicos (AFIP). <\/p>\n<p>De esa manera, podr\u00e1n solicitar la instalaci\u00f3n de servicios a su nombre como agua corriente, electricidad, cloacas o red de gas; solicitar la CUIL (Clave \u00danica de Identificaci\u00f3n Laboral), prestaciones de salud, previsionales y educativas.<\/p>\n","protected":false},"excerpt":{"rendered":"<p>A partir del 1\u00ba de junio, otorgar\u00e1 certificados de vivienda familiar a m\u00e1s de un mill\u00f3n y medio de personas que viven en 4100 asentamientos relevados desde el a\u00f1o pasado, radicados en territorios pertenecientes al Estado Nacional o particulares. Adem\u00e1s, pr\u00f3ximamente el organismo habilitar\u00e1 un acceso telef\u00f3nico por medio del canal de atenci\u00f3n 130. La [&hellip;]<\/p>\n","protected":false},"author":4,"featured_media":5359,"comment_status":"open","ping_status":"closed","sticky":false,"template":"","format":"standard","meta":{"om_disable_all_campaigns":false,"_jetpack_memberships_contains_paid_content":false,"footnotes":""},"categories":[101,2],"tags":[],"class_list":["post-19122","post","type-post","status-publish","format-standard","has-post-thumbnail","hentry","category-interes-general-locales","category-locales"],"aioseo_notices":[],"gutentor_comment":0,"jetpack_featured_media_url":"https:\/\/eldiariodesanpedro.com.ar\/sitio\/wp-content\/uploads\/2016\/06\/anses.jpg","jetpack_shortlink":"https:\/\/wp.me\/p6RhLt-4Yq","jetpack_sharing_enabled":true,"_links":{"self":[{"href":"https:\/\/eldiariodesanpedro.com.ar\/sitio\/wp-json\/wp\/v2\/posts\/19122","targetHints":{"allow":["GET"]}}],"collection":[{"href":"https:\/\/eldiariodesanpedro.com.ar\/sitio\/wp-json\/wp\/v2\/posts"}],"about":[{"href":"https:\/\/eldiariodesanpedro.com.ar\/sitio\/wp-json\/wp\/v2\/types\/post"}],"author":[{"embeddable":true,"href":"https:\/\/eldiariodesanpedro.com.ar\/sitio\/wp-json\/wp\/v2\/users\/4"}],"replies":[{"embeddable":true,"href":"https:\/\/eldiariodesanpedro.com.ar\/sitio\/wp-json\/wp\/v2\/comments?post=19122"}],"version-history":[{"count":1,"href":"https:\/\/eldiariodesanpedro.com.ar\/sitio\/wp-json\/wp\/v2\/posts\/19122\/revisions"}],"predecessor-version":[{"id":19124,"href":"https:\/\/eldiariodesanpedro.com.ar\/sitio\/wp-json\/wp\/v2\/posts\/19122\/revisions\/19124"}],"wp:featuredmedia":[{"embeddable":true,"href":"https:\/\/eldiariodesanpedro.com.ar\/sitio\/wp-json\/wp\/v2\/media\/5359"}],"wp:attachment":[{"href":"https:\/\/eldiariodesanpedro.com.ar\/sitio\/wp-json\/wp\/v2\/media?parent=19122"}],"wp:term":[{"taxonomy":"category","embeddable":true,"href":"https:\/\/eldiariodesanpedro.com.ar\/sitio\/wp-json\/wp\/v2\/categories?post=19122"},{"taxonomy":"post_tag","embeddable":true,"href":"https:\/\/eldiariodesanpedro.com.ar\/sitio\/wp-json\/wp\/v2\/tags?post=19122"}],"curies":[{"name":"wp","href":"https:\/\/api.w.org\/{rel}","templated":true}]}}