{"id":19120,"date":"2017-05-30T18:57:54","date_gmt":"2017-05-30T21:57:54","guid":{"rendered":"https:\/\/eldiariodesanpedro.com.ar\/sitio\/?p=19120"},"modified":"2017-05-30T18:57:54","modified_gmt":"2017-05-30T21:57:54","slug":"se-realiza-la-vacunacion-de-perros-y-gatos-en-la-san-pedro","status":"publish","type":"post","link":"https:\/\/eldiariodesanpedro.com.ar\/sitio\/se-realiza-la-vacunacion-de-perros-y-gatos-en-la-san-pedro\/","title":{"rendered":"Se realiza la vacunaci\u00f3n de perros y gatos en la San Pedro"},"content":{"rendered":"<p><!-- VideographyWP Plugin Message: Automatic video embedding prevented by plugin options. --><br \/>\nEl 1\u00ba de junio, tendr\u00e1 lugar en la Plaza Belgrano San Pedro de 9.00 a 12.30, mientras que el mi\u00e9rcoles 7 de junio se har\u00e1 en la Plaza J. Zucchi de R\u00edo Tala de 9.00 a 12.30.<\/p>\n<p>Es importante tener en cuenta que los caninos y felinos deben ser mayores a 3 meses; los perros deben ser transportados con collar y correa mientras que los gatos en jaula, bolsa respirable y\/o mochila.  Las hembras no deben estar pre\u00f1adas o en periodo de lactancia. Un adulto responsable debe acompa\u00f1ar a los animales.<\/p>\n","protected":false},"excerpt":{"rendered":"<p>El 1\u00ba de junio, tendr\u00e1 lugar en la Plaza Belgrano San Pedro de 9.00 a 12.30, mientras que el mi\u00e9rcoles 7 de junio se har\u00e1 en la Plaza J. Zucchi de R\u00edo Tala de 9.00 a 12.30. Es importante tener en cuenta que los caninos y felinos deben ser mayores a 3 meses; los perros [&hellip;]<\/p>\n","protected":false},"author":4,"featured_media":18617,"comment_status":"open","ping_status":"closed","sticky":false,"template":"","format":"standard","meta":{"om_disable_all_campaigns":false,"_jetpack_memberships_contains_paid_content":false,"footnotes":""},"categories":[101,2],"tags":[],"class_list":["post-19120","post","type-post","status-publish","format-standard","has-post-thumbnail","hentry","category-interes-general-locales","category-locales"],"aioseo_notices":[],"gutentor_comment":0,"jetpack_featured_media_url":"https:\/\/eldiariodesanpedro.com.ar\/sitio\/wp-content\/uploads\/2017\/05\/vacunacion-perro.jpg","jetpack_shortlink":"https:\/\/wp.me\/p6RhLt-4Yo","jetpack_sharing_enabled":true,"_links":{"self":[{"href":"https:\/\/eldiariodesanpedro.com.ar\/sitio\/wp-json\/wp\/v2\/posts\/19120","targetHints":{"allow":["GET"]}}],"collection":[{"href":"https:\/\/eldiariodesanpedro.com.ar\/sitio\/wp-json\/wp\/v2\/posts"}],"about":[{"href":"https:\/\/eldiariodesanpedro.com.ar\/sitio\/wp-json\/wp\/v2\/types\/post"}],"author":[{"embeddable":true,"href":"https:\/\/eldiariodesanpedro.com.ar\/sitio\/wp-json\/wp\/v2\/users\/4"}],"replies":[{"embeddable":true,"href":"https:\/\/eldiariodesanpedro.com.ar\/sitio\/wp-json\/wp\/v2\/comments?post=19120"}],"version-history":[{"count":1,"href":"https:\/\/eldiariodesanpedro.com.ar\/sitio\/wp-json\/wp\/v2\/posts\/19120\/revisions"}],"predecessor-version":[{"id":19123,"href":"https:\/\/eldiariodesanpedro.com.ar\/sitio\/wp-json\/wp\/v2\/posts\/19120\/revisions\/19123"}],"wp:featuredmedia":[{"embeddable":true,"href":"https:\/\/eldiariodesanpedro.com.ar\/sitio\/wp-json\/wp\/v2\/media\/18617"}],"wp:attachment":[{"href":"https:\/\/eldiariodesanpedro.com.ar\/sitio\/wp-json\/wp\/v2\/media?parent=19120"}],"wp:term":[{"taxonomy":"category","embeddable":true,"href":"https:\/\/eldiariodesanpedro.com.ar\/sitio\/wp-json\/wp\/v2\/categories?post=19120"},{"taxonomy":"post_tag","embeddable":true,"href":"https:\/\/eldiariodesanpedro.com.ar\/sitio\/wp-json\/wp\/v2\/tags?post=19120"}],"curies":[{"name":"wp","href":"https:\/\/api.w.org\/{rel}","templated":true}]}}