{"id":19117,"date":"2017-05-30T18:52:22","date_gmt":"2017-05-30T21:52:22","guid":{"rendered":"https:\/\/eldiariodesanpedro.com.ar\/sitio\/?p=19117"},"modified":"2017-05-30T18:52:22","modified_gmt":"2017-05-30T21:52:22","slug":"salvemos-a-los-humedales-cesara-el-trabajo-en-los-terraplenes-por-6-meses","status":"publish","type":"post","link":"https:\/\/eldiariodesanpedro.com.ar\/sitio\/salvemos-a-los-humedales-cesara-el-trabajo-en-los-terraplenes-por-6-meses\/","title":{"rendered":"\u00abSalvemos a los Humedales: Cesar\u00e1 el trabajo en los terraplenes por 6 meses"},"content":{"rendered":"<p><!-- VideographyWP Plugin Message: Automatic video embedding prevented by plugin options. --><br \/>\nSe concret\u00f3 en la tarde de este lunes un encuentro entre integrantes de la asamblea \u201cSalvemos a los Humedales\u201d y el titular de la empresa Forestadora del Delta, Alejandro Gooding. La intensa audiencia dur\u00f3 m\u00e1s de 4 horas, ante la Jueza que entiende en la causa Reggina Cucit, y  se logr\u00f3 un acuerdo entre las partes.<\/p>\n<p>El mismo se basa en : Las m\u00e1quinas no pueden trabajar m\u00e1s sobre los terraplenes nuevos 2012 y los actuales sobre riacho san pedro.<\/p>\n<p>Adem\u00e1s se suspende por 6 meses todo tipo de acci\u00f3n sobre ese espacio mientras empresa analiza c\u00f3mo producir sin impacto.<\/p>\n<p>En tanto que se acord\u00f3 que s\u00f3lo se podr\u00e1 hacer un repaso de los terraplenes antiguos y respetando la altura original.<\/p>\n<p>Sobre ello, Fabi\u00e1n Bianchi, explic\u00f3 a trav\u00e9s de \u201cLa Radio 92.3\u201d: \u201cNo se tocan m\u00e1s los terraplenes en la zona que se estaba trabajando ahora, la m\u00e1quina no va a intervenir m\u00e1s en ese sector\u201d y agreg\u00f3: \u201cNo pueden sobrepasar los terraplenes originales de celulosa, que tienen m\u00e1s de  40 a\u00f1os\u201d.<\/p>\n<p>Adem\u00e1s sostuvo: \u201cSe retrocede de 900 hect\u00e1reas que hay ahora a 250 que eran las originales y van a producir dentro de ellas\u201d e \u201chicimos un impasse de 6 meses, la empresa nos ofrece venir a debatir\u201d.<\/p>\n<p>En tanto que se\u00f1al\u00f3: \u201cEl s\u00e1bado a las 15 hs. vamos a hacer la asamblea para informar al resto\u201d.<\/p>\n","protected":false},"excerpt":{"rendered":"<p>Se concret\u00f3 en la tarde de este lunes un encuentro entre integrantes de la asamblea \u201cSalvemos a los Humedales\u201d y el titular de la empresa Forestadora del Delta, Alejandro Gooding. La intensa audiencia dur\u00f3 m\u00e1s de 4 horas, ante la Jueza que entiende en la causa Reggina Cucit, y se logr\u00f3 un acuerdo entre las [&hellip;]<\/p>\n","protected":false},"author":4,"featured_media":19119,"comment_status":"open","ping_status":"closed","sticky":false,"template":"","format":"standard","meta":{"om_disable_all_campaigns":false,"_jetpack_memberships_contains_paid_content":false,"footnotes":""},"categories":[101,2],"tags":[],"class_list":["post-19117","post","type-post","status-publish","format-standard","has-post-thumbnail","hentry","category-interes-general-locales","category-locales"],"aioseo_notices":[],"gutentor_comment":0,"jetpack_featured_media_url":"https:\/\/eldiariodesanpedro.com.ar\/sitio\/wp-content\/uploads\/2017\/05\/Humedales.jpg","jetpack_shortlink":"https:\/\/wp.me\/p6RhLt-4Yl","jetpack_sharing_enabled":true,"_links":{"self":[{"href":"https:\/\/eldiariodesanpedro.com.ar\/sitio\/wp-json\/wp\/v2\/posts\/19117","targetHints":{"allow":["GET"]}}],"collection":[{"href":"https:\/\/eldiariodesanpedro.com.ar\/sitio\/wp-json\/wp\/v2\/posts"}],"about":[{"href":"https:\/\/eldiariodesanpedro.com.ar\/sitio\/wp-json\/wp\/v2\/types\/post"}],"author":[{"embeddable":true,"href":"https:\/\/eldiariodesanpedro.com.ar\/sitio\/wp-json\/wp\/v2\/users\/4"}],"replies":[{"embeddable":true,"href":"https:\/\/eldiariodesanpedro.com.ar\/sitio\/wp-json\/wp\/v2\/comments?post=19117"}],"version-history":[{"count":1,"href":"https:\/\/eldiariodesanpedro.com.ar\/sitio\/wp-json\/wp\/v2\/posts\/19117\/revisions"}],"predecessor-version":[{"id":19121,"href":"https:\/\/eldiariodesanpedro.com.ar\/sitio\/wp-json\/wp\/v2\/posts\/19117\/revisions\/19121"}],"wp:featuredmedia":[{"embeddable":true,"href":"https:\/\/eldiariodesanpedro.com.ar\/sitio\/wp-json\/wp\/v2\/media\/19119"}],"wp:attachment":[{"href":"https:\/\/eldiariodesanpedro.com.ar\/sitio\/wp-json\/wp\/v2\/media?parent=19117"}],"wp:term":[{"taxonomy":"category","embeddable":true,"href":"https:\/\/eldiariodesanpedro.com.ar\/sitio\/wp-json\/wp\/v2\/categories?post=19117"},{"taxonomy":"post_tag","embeddable":true,"href":"https:\/\/eldiariodesanpedro.com.ar\/sitio\/wp-json\/wp\/v2\/tags?post=19117"}],"curies":[{"name":"wp","href":"https:\/\/api.w.org\/{rel}","templated":true}]}}