{"id":19116,"date":"2017-05-30T18:49:13","date_gmt":"2017-05-30T21:49:13","guid":{"rendered":"https:\/\/eldiariodesanpedro.com.ar\/sitio\/?p=19116"},"modified":"2017-05-30T18:49:13","modified_gmt":"2017-05-30T21:49:13","slug":"niunamenos-este-sabado-3-habra-marcha-en-san-pedro","status":"publish","type":"post","link":"https:\/\/eldiariodesanpedro.com.ar\/sitio\/niunamenos-este-sabado-3-habra-marcha-en-san-pedro\/","title":{"rendered":"#NiUnaMenos: Este s\u00e1bado 3 habr\u00e1 marcha en San Pedro"},"content":{"rendered":"<p><!-- VideographyWP Plugin Message: Automatic video embedding prevented by plugin options. --><br \/>\nEl Movimiento de Mujeres Sampedrinas Minerva Mirabal y la agrupaci\u00f3n Libres de Miedo han realizado una nueva convocatoria a mujeres y varones a la movilizaci\u00f3n que partir\u00e1 el pr\u00f3ximo s\u00e1bado 3 de junio a las 17.00 de 3 de Febrero y Mitre.<\/p>\n<p>La marcha en San Pedro se da en coincidencia con movilizaciones en otros puntos del pa\u00eds y pa\u00edses lim\u00edtrofes, y contar\u00e1 adem\u00e1s con la adhesi\u00f3n de entidades, sindicatos, partidos pol\u00edticos y agrupaciones intermedias.<\/p>\n<p>#VivasYLibresNosQueremos es la consigna de esta marcha que apunta a visibilizar el aumento de los femicidios en nuestro pa\u00eds y la necesidad de declarar la emergencia nacional en cuestiones de g\u00e9nero, as\u00ed como garantizar los recursos econ\u00f3micos y humanos para sostener las diferentes instituciones y programas destinadas a dar respuesta a las mujeres a lo largo y ancho del pa\u00eds, que han sufrido importantes recortes en los \u00faltimos meses, entre otros puntos.<\/p>\n<p>Las organizaciones convocantes invita, por este medios, a quienes participen a llevar sus banderas y consignas a la movilizaci\u00f3n que culminar\u00e1 en Plaza Belgrano con la lectura de un documento conjunto. <\/p>\n","protected":false},"excerpt":{"rendered":"<p>El Movimiento de Mujeres Sampedrinas Minerva Mirabal y la agrupaci\u00f3n Libres de Miedo han realizado una nueva convocatoria a mujeres y varones a la movilizaci\u00f3n que partir\u00e1 el pr\u00f3ximo s\u00e1bado 3 de junio a las 17.00 de 3 de Febrero y Mitre. La marcha en San Pedro se da en coincidencia con movilizaciones en otros [&hellip;]<\/p>\n","protected":false},"author":4,"featured_media":15226,"comment_status":"open","ping_status":"closed","sticky":false,"template":"","format":"standard","meta":{"om_disable_all_campaigns":false,"_jetpack_memberships_contains_paid_content":false,"footnotes":""},"categories":[101,2],"tags":[],"class_list":["post-19116","post","type-post","status-publish","format-standard","has-post-thumbnail","hentry","category-interes-general-locales","category-locales"],"aioseo_notices":[],"gutentor_comment":0,"jetpack_featured_media_url":"https:\/\/eldiariodesanpedro.com.ar\/sitio\/wp-content\/uploads\/2017\/02\/ni-una-menos.jpg","jetpack_shortlink":"https:\/\/wp.me\/p6RhLt-4Yk","jetpack_sharing_enabled":true,"_links":{"self":[{"href":"https:\/\/eldiariodesanpedro.com.ar\/sitio\/wp-json\/wp\/v2\/posts\/19116","targetHints":{"allow":["GET"]}}],"collection":[{"href":"https:\/\/eldiariodesanpedro.com.ar\/sitio\/wp-json\/wp\/v2\/posts"}],"about":[{"href":"https:\/\/eldiariodesanpedro.com.ar\/sitio\/wp-json\/wp\/v2\/types\/post"}],"author":[{"embeddable":true,"href":"https:\/\/eldiariodesanpedro.com.ar\/sitio\/wp-json\/wp\/v2\/users\/4"}],"replies":[{"embeddable":true,"href":"https:\/\/eldiariodesanpedro.com.ar\/sitio\/wp-json\/wp\/v2\/comments?post=19116"}],"version-history":[{"count":1,"href":"https:\/\/eldiariodesanpedro.com.ar\/sitio\/wp-json\/wp\/v2\/posts\/19116\/revisions"}],"predecessor-version":[{"id":19118,"href":"https:\/\/eldiariodesanpedro.com.ar\/sitio\/wp-json\/wp\/v2\/posts\/19116\/revisions\/19118"}],"wp:featuredmedia":[{"embeddable":true,"href":"https:\/\/eldiariodesanpedro.com.ar\/sitio\/wp-json\/wp\/v2\/media\/15226"}],"wp:attachment":[{"href":"https:\/\/eldiariodesanpedro.com.ar\/sitio\/wp-json\/wp\/v2\/media?parent=19116"}],"wp:term":[{"taxonomy":"category","embeddable":true,"href":"https:\/\/eldiariodesanpedro.com.ar\/sitio\/wp-json\/wp\/v2\/categories?post=19116"},{"taxonomy":"post_tag","embeddable":true,"href":"https:\/\/eldiariodesanpedro.com.ar\/sitio\/wp-json\/wp\/v2\/tags?post=19116"}],"curies":[{"name":"wp","href":"https:\/\/api.w.org\/{rel}","templated":true}]}}