{"id":19114,"date":"2017-05-30T17:59:37","date_gmt":"2017-05-30T20:59:37","guid":{"rendered":"https:\/\/eldiariodesanpedro.com.ar\/sitio\/?p=19114"},"modified":"2017-05-30T17:59:37","modified_gmt":"2017-05-30T20:59:37","slug":"autores-ignorados-robaron-en-un-domicilio","status":"publish","type":"post","link":"https:\/\/eldiariodesanpedro.com.ar\/sitio\/autores-ignorados-robaron-en-un-domicilio\/","title":{"rendered":"Autores ignorados robaron en un domicilio"},"content":{"rendered":"<p><!-- VideographyWP Plugin Message: Automatic video embedding prevented by plugin options. --><br \/>\nEn el d\u00eda lunes se recibi\u00f3 en la comisaria local la denuncia de una joven de 22 a\u00f1os de edad domiciliada en calle Colon que al momento de no encontrarse en su vivienda autores ignorados ingresaron a su domicilio sustrayendo elementos personales de valor. Ella pudo constatar los faltantes cuando regreso a su casa en horas del medio d\u00eda.<\/p>\n","protected":false},"excerpt":{"rendered":"<p>En el d\u00eda lunes se recibi\u00f3 en la comisaria local la denuncia de una joven de 22 a\u00f1os de edad domiciliada en calle Colon que al momento de no encontrarse en su vivienda autores ignorados ingresaron a su domicilio sustrayendo elementos personales de valor. Ella pudo constatar los faltantes cuando regreso a su casa en [&hellip;]<\/p>\n","protected":false},"author":4,"featured_media":16167,"comment_status":"open","ping_status":"closed","sticky":false,"template":"","format":"standard","meta":{"om_disable_all_campaigns":false,"_jetpack_memberships_contains_paid_content":false,"footnotes":""},"categories":[2,103],"tags":[],"class_list":["post-19114","post","type-post","status-publish","format-standard","has-post-thumbnail","hentry","category-locales","category-policiales-locales"],"aioseo_notices":[],"gutentor_comment":0,"jetpack_featured_media_url":"https:\/\/eldiariodesanpedro.com.ar\/sitio\/wp-content\/uploads\/2017\/03\/camioneta-policia-e1496177955798.jpg","jetpack_shortlink":"https:\/\/wp.me\/p6RhLt-4Yi","jetpack_sharing_enabled":true,"_links":{"self":[{"href":"https:\/\/eldiariodesanpedro.com.ar\/sitio\/wp-json\/wp\/v2\/posts\/19114","targetHints":{"allow":["GET"]}}],"collection":[{"href":"https:\/\/eldiariodesanpedro.com.ar\/sitio\/wp-json\/wp\/v2\/posts"}],"about":[{"href":"https:\/\/eldiariodesanpedro.com.ar\/sitio\/wp-json\/wp\/v2\/types\/post"}],"author":[{"embeddable":true,"href":"https:\/\/eldiariodesanpedro.com.ar\/sitio\/wp-json\/wp\/v2\/users\/4"}],"replies":[{"embeddable":true,"href":"https:\/\/eldiariodesanpedro.com.ar\/sitio\/wp-json\/wp\/v2\/comments?post=19114"}],"version-history":[{"count":1,"href":"https:\/\/eldiariodesanpedro.com.ar\/sitio\/wp-json\/wp\/v2\/posts\/19114\/revisions"}],"predecessor-version":[{"id":19115,"href":"https:\/\/eldiariodesanpedro.com.ar\/sitio\/wp-json\/wp\/v2\/posts\/19114\/revisions\/19115"}],"wp:featuredmedia":[{"embeddable":true,"href":"https:\/\/eldiariodesanpedro.com.ar\/sitio\/wp-json\/wp\/v2\/media\/16167"}],"wp:attachment":[{"href":"https:\/\/eldiariodesanpedro.com.ar\/sitio\/wp-json\/wp\/v2\/media?parent=19114"}],"wp:term":[{"taxonomy":"category","embeddable":true,"href":"https:\/\/eldiariodesanpedro.com.ar\/sitio\/wp-json\/wp\/v2\/categories?post=19114"},{"taxonomy":"post_tag","embeddable":true,"href":"https:\/\/eldiariodesanpedro.com.ar\/sitio\/wp-json\/wp\/v2\/tags?post=19114"}],"curies":[{"name":"wp","href":"https:\/\/api.w.org\/{rel}","templated":true}]}}