{"id":19112,"date":"2017-05-30T17:50:05","date_gmt":"2017-05-30T20:50:05","guid":{"rendered":"https:\/\/eldiariodesanpedro.com.ar\/sitio\/?p=19112"},"modified":"2017-05-30T17:50:05","modified_gmt":"2017-05-30T20:50:05","slug":"un-joven-ingreso-a-robar-en-un-domicilio-y-fue-detenido","status":"publish","type":"post","link":"https:\/\/eldiariodesanpedro.com.ar\/sitio\/un-joven-ingreso-a-robar-en-un-domicilio-y-fue-detenido\/","title":{"rendered":"Un  joven ingreso a robar en un domicilio y fue detenido"},"content":{"rendered":"<p><!-- VideographyWP Plugin Message: Automatic video embedding prevented by plugin options. --><br \/>\nla madrugada de este martes en calle Independencia al 1300 de esta ciudad personal de la polic\u00eda de la comisaria local procedi\u00f3 a la aprehensi\u00f3n de un hombre de 34 a\u00f1os de edad quien momentos antes habr\u00eda ingresado al interior de un domicilio tras provocar da\u00f1o en un port\u00f3n de ingreso y un vidrio de la puerta principal.<\/p>\n<p>No se pudo constatar da\u00f1os ya que la misma no se encontraban moradores teniendo en cuenta que la casa se encuentra en venta y desatibada. <\/p>\n<p>por su parte el joven fue trasladado al a comisaria local donde permaneci\u00f3 aprehendido hasta declarar en la fiscal\u00eda.<\/p>\n","protected":false},"excerpt":{"rendered":"<p>la madrugada de este martes en calle Independencia al 1300 de esta ciudad personal de la polic\u00eda de la comisaria local procedi\u00f3 a la aprehensi\u00f3n de un hombre de 34 a\u00f1os de edad quien momentos antes habr\u00eda ingresado al interior de un domicilio tras provocar da\u00f1o en un port\u00f3n de ingreso y un vidrio de [&hellip;]<\/p>\n","protected":false},"author":4,"featured_media":16989,"comment_status":"open","ping_status":"closed","sticky":false,"template":"","format":"standard","meta":{"om_disable_all_campaigns":false,"_jetpack_memberships_contains_paid_content":false,"footnotes":""},"categories":[2,103],"tags":[],"class_list":["post-19112","post","type-post","status-publish","format-standard","has-post-thumbnail","hentry","category-locales","category-policiales-locales"],"aioseo_notices":[],"gutentor_comment":0,"jetpack_featured_media_url":"https:\/\/eldiariodesanpedro.com.ar\/sitio\/wp-content\/uploads\/2017\/04\/DSC_0221-e1492514769862.jpg","jetpack_shortlink":"https:\/\/wp.me\/p6RhLt-4Yg","jetpack_sharing_enabled":true,"_links":{"self":[{"href":"https:\/\/eldiariodesanpedro.com.ar\/sitio\/wp-json\/wp\/v2\/posts\/19112","targetHints":{"allow":["GET"]}}],"collection":[{"href":"https:\/\/eldiariodesanpedro.com.ar\/sitio\/wp-json\/wp\/v2\/posts"}],"about":[{"href":"https:\/\/eldiariodesanpedro.com.ar\/sitio\/wp-json\/wp\/v2\/types\/post"}],"author":[{"embeddable":true,"href":"https:\/\/eldiariodesanpedro.com.ar\/sitio\/wp-json\/wp\/v2\/users\/4"}],"replies":[{"embeddable":true,"href":"https:\/\/eldiariodesanpedro.com.ar\/sitio\/wp-json\/wp\/v2\/comments?post=19112"}],"version-history":[{"count":1,"href":"https:\/\/eldiariodesanpedro.com.ar\/sitio\/wp-json\/wp\/v2\/posts\/19112\/revisions"}],"predecessor-version":[{"id":19113,"href":"https:\/\/eldiariodesanpedro.com.ar\/sitio\/wp-json\/wp\/v2\/posts\/19112\/revisions\/19113"}],"wp:featuredmedia":[{"embeddable":true,"href":"https:\/\/eldiariodesanpedro.com.ar\/sitio\/wp-json\/wp\/v2\/media\/16989"}],"wp:attachment":[{"href":"https:\/\/eldiariodesanpedro.com.ar\/sitio\/wp-json\/wp\/v2\/media?parent=19112"}],"wp:term":[{"taxonomy":"category","embeddable":true,"href":"https:\/\/eldiariodesanpedro.com.ar\/sitio\/wp-json\/wp\/v2\/categories?post=19112"},{"taxonomy":"post_tag","embeddable":true,"href":"https:\/\/eldiariodesanpedro.com.ar\/sitio\/wp-json\/wp\/v2\/tags?post=19112"}],"curies":[{"name":"wp","href":"https:\/\/api.w.org\/{rel}","templated":true}]}}