{"id":19107,"date":"2017-05-30T17:20:28","date_gmt":"2017-05-30T20:20:28","guid":{"rendered":"https:\/\/eldiariodesanpedro.com.ar\/sitio\/?p=19107"},"modified":"2017-05-30T17:20:28","modified_gmt":"2017-05-30T20:20:28","slug":"detienen-a-un-sujeto-que-trato-de-usurpar-una-casa","status":"publish","type":"post","link":"https:\/\/eldiariodesanpedro.com.ar\/sitio\/detienen-a-un-sujeto-que-trato-de-usurpar-una-casa\/","title":{"rendered":"Detienen a un sujeto que trato de usurpar una casa"},"content":{"rendered":"<p><!-- VideographyWP Plugin Message: Automatic video embedding prevented by plugin options. --><br \/>\nEn el d\u00eda de ayer personal policial de esta sensacional en calle Benefactora Sampedrina y Casella se procedi\u00f3 a la aprehensi\u00f3n de un joven de 22 a\u00f1os de edad, quien instantes antes habr\u00eda ingresado al domicilio de una joven de 20 a\u00f1os de edad que no se encontraba aprovechando para usurpar la vivienda,<\/p>\n<p>Al momento de regresar su moradora al domicilio se  encontr\u00f3 que estaba usurpado entrando en una discusi\u00f3n con la otra parte y el joven le termina ovacionando un corte punzante en su pierna derecha a la altura del muslo.<\/p>\n<p>El joven fue detenido por los oficiales y trasladados a la comisaria local, por su parte la joven fue traslada al a la guardia del hospital donde se pudo constatar que solo era un herida leve.<\/p>\n","protected":false},"excerpt":{"rendered":"<p>En el d\u00eda de ayer personal policial de esta sensacional en calle Benefactora Sampedrina y Casella se procedi\u00f3 a la aprehensi\u00f3n de un joven de 22 a\u00f1os de edad, quien instantes antes habr\u00eda ingresado al domicilio de una joven de 20 a\u00f1os de edad que no se encontraba aprovechando para usurpar la vivienda, Al momento [&hellip;]<\/p>\n","protected":false},"author":4,"featured_media":16992,"comment_status":"open","ping_status":"closed","sticky":false,"template":"","format":"standard","meta":{"om_disable_all_campaigns":false,"_jetpack_memberships_contains_paid_content":false,"footnotes":""},"categories":[50,2,103],"tags":[],"class_list":["post-19107","post","type-post","status-publish","format-standard","has-post-thumbnail","hentry","category-destacadas","category-locales","category-policiales-locales"],"aioseo_notices":[],"gutentor_comment":0,"jetpack_featured_media_url":"https:\/\/eldiariodesanpedro.com.ar\/sitio\/wp-content\/uploads\/2017\/04\/DSC_0224-e1496175605426.jpg","jetpack_shortlink":"https:\/\/wp.me\/p6RhLt-4Yb","jetpack_sharing_enabled":true,"_links":{"self":[{"href":"https:\/\/eldiariodesanpedro.com.ar\/sitio\/wp-json\/wp\/v2\/posts\/19107","targetHints":{"allow":["GET"]}}],"collection":[{"href":"https:\/\/eldiariodesanpedro.com.ar\/sitio\/wp-json\/wp\/v2\/posts"}],"about":[{"href":"https:\/\/eldiariodesanpedro.com.ar\/sitio\/wp-json\/wp\/v2\/types\/post"}],"author":[{"embeddable":true,"href":"https:\/\/eldiariodesanpedro.com.ar\/sitio\/wp-json\/wp\/v2\/users\/4"}],"replies":[{"embeddable":true,"href":"https:\/\/eldiariodesanpedro.com.ar\/sitio\/wp-json\/wp\/v2\/comments?post=19107"}],"version-history":[{"count":1,"href":"https:\/\/eldiariodesanpedro.com.ar\/sitio\/wp-json\/wp\/v2\/posts\/19107\/revisions"}],"predecessor-version":[{"id":19108,"href":"https:\/\/eldiariodesanpedro.com.ar\/sitio\/wp-json\/wp\/v2\/posts\/19107\/revisions\/19108"}],"wp:featuredmedia":[{"embeddable":true,"href":"https:\/\/eldiariodesanpedro.com.ar\/sitio\/wp-json\/wp\/v2\/media\/16992"}],"wp:attachment":[{"href":"https:\/\/eldiariodesanpedro.com.ar\/sitio\/wp-json\/wp\/v2\/media?parent=19107"}],"wp:term":[{"taxonomy":"category","embeddable":true,"href":"https:\/\/eldiariodesanpedro.com.ar\/sitio\/wp-json\/wp\/v2\/categories?post=19107"},{"taxonomy":"post_tag","embeddable":true,"href":"https:\/\/eldiariodesanpedro.com.ar\/sitio\/wp-json\/wp\/v2\/tags?post=19107"}],"curies":[{"name":"wp","href":"https:\/\/api.w.org\/{rel}","templated":true}]}}