{"id":19069,"date":"2017-05-29T18:42:19","date_gmt":"2017-05-29T21:42:19","guid":{"rendered":"https:\/\/eldiariodesanpedro.com.ar\/sitio\/?p=19069"},"modified":"2017-05-29T18:42:19","modified_gmt":"2017-05-29T21:42:19","slug":"comienza-un-ciclo-de-cine-mundial-organizado-por-la-direccion-de-cultura","status":"publish","type":"post","link":"https:\/\/eldiariodesanpedro.com.ar\/sitio\/comienza-un-ciclo-de-cine-mundial-organizado-por-la-direccion-de-cultura\/","title":{"rendered":"Comienza un Ciclo de Cine Mundial organizado por la Direcci\u00f3n de Cultura"},"content":{"rendered":"<p><!-- VideographyWP Plugin Message: Automatic video embedding prevented by plugin options. --><br \/>\nEl mismo comenzar\u00e1 el 8 de junio y se desarrollar\u00e1 hasta el mes de noviembre. Tendr\u00e1 lugar en la sala del Teatro Siripo y la entrada ser\u00e1 gratu\u00edta. <\/p>\n<p>\u201cLo que hemos hecho es una selecci\u00f3n de pel\u00edculas de todo el mundo, son 26 en total las que se van a proyectar, todos los d\u00edas jueves a las 20:30 horas con entrada libre y gratuita\u201d, sostuvo Mar\u00eda Jos\u00e9 Mora, Directora de Cultura de la Municipalidad. <\/p>\n<p>Por su parte Nahuel Laxalt, quien organiza el evento, sostuvo: \u201cLa idea del ciclo del cine es recorrer todos los pa\u00edses\u201d.<\/p>\n<p>\u201cSon 26 semanas por eso 26 pel\u00edcula y hemos elegido pa\u00edses de los que de lo que hemos visto cine y de los que no hemos visto ninguna nunca. La idea es Corral modelo estereotipo\u201d, agreg\u00f3.<\/p>\n<p>\u201cLa mayor\u00eda tiene un premio o han ganado en su pa\u00eds como si fuera el Mart\u00edn Fierro, algunas han sido presentadas en Cannes y otros festivales a nivel mundial\u201d.<\/p>\n<p>El espectro es \u201cvariado, hay de comedia policial suspenso y drama ciencia ficci\u00f3n\u201d manifest\u00f3 Laxalt y agreg\u00f3: \u201cAl que le gusta ver algo diferente, esta es una oportunidad\u201d.<\/p>\n","protected":false},"excerpt":{"rendered":"<p>El mismo comenzar\u00e1 el 8 de junio y se desarrollar\u00e1 hasta el mes de noviembre. Tendr\u00e1 lugar en la sala del Teatro Siripo y la entrada ser\u00e1 gratu\u00edta. \u201cLo que hemos hecho es una selecci\u00f3n de pel\u00edculas de todo el mundo, son 26 en total las que se van a proyectar, todos los d\u00edas jueves [&hellip;]<\/p>\n","protected":false},"author":4,"featured_media":9974,"comment_status":"open","ping_status":"closed","sticky":false,"template":"","format":"standard","meta":{"om_disable_all_campaigns":false,"_jetpack_memberships_contains_paid_content":false,"footnotes":""},"categories":[101,2],"tags":[],"class_list":["post-19069","post","type-post","status-publish","format-standard","has-post-thumbnail","hentry","category-interes-general-locales","category-locales"],"aioseo_notices":[],"gutentor_comment":0,"jetpack_featured_media_url":"https:\/\/eldiariodesanpedro.com.ar\/sitio\/wp-content\/uploads\/2016\/11\/siripo-arte-2016.jpg","jetpack_shortlink":"https:\/\/wp.me\/p6RhLt-4Xz","jetpack_sharing_enabled":true,"_links":{"self":[{"href":"https:\/\/eldiariodesanpedro.com.ar\/sitio\/wp-json\/wp\/v2\/posts\/19069","targetHints":{"allow":["GET"]}}],"collection":[{"href":"https:\/\/eldiariodesanpedro.com.ar\/sitio\/wp-json\/wp\/v2\/posts"}],"about":[{"href":"https:\/\/eldiariodesanpedro.com.ar\/sitio\/wp-json\/wp\/v2\/types\/post"}],"author":[{"embeddable":true,"href":"https:\/\/eldiariodesanpedro.com.ar\/sitio\/wp-json\/wp\/v2\/users\/4"}],"replies":[{"embeddable":true,"href":"https:\/\/eldiariodesanpedro.com.ar\/sitio\/wp-json\/wp\/v2\/comments?post=19069"}],"version-history":[{"count":1,"href":"https:\/\/eldiariodesanpedro.com.ar\/sitio\/wp-json\/wp\/v2\/posts\/19069\/revisions"}],"predecessor-version":[{"id":19071,"href":"https:\/\/eldiariodesanpedro.com.ar\/sitio\/wp-json\/wp\/v2\/posts\/19069\/revisions\/19071"}],"wp:featuredmedia":[{"embeddable":true,"href":"https:\/\/eldiariodesanpedro.com.ar\/sitio\/wp-json\/wp\/v2\/media\/9974"}],"wp:attachment":[{"href":"https:\/\/eldiariodesanpedro.com.ar\/sitio\/wp-json\/wp\/v2\/media?parent=19069"}],"wp:term":[{"taxonomy":"category","embeddable":true,"href":"https:\/\/eldiariodesanpedro.com.ar\/sitio\/wp-json\/wp\/v2\/categories?post=19069"},{"taxonomy":"post_tag","embeddable":true,"href":"https:\/\/eldiariodesanpedro.com.ar\/sitio\/wp-json\/wp\/v2\/tags?post=19069"}],"curies":[{"name":"wp","href":"https:\/\/api.w.org\/{rel}","templated":true}]}}