{"id":18655,"date":"2017-05-17T10:33:53","date_gmt":"2017-05-17T13:33:53","guid":{"rendered":"https:\/\/eldiariodesanpedro.com.ar\/sitio\/?p=18655"},"modified":"2017-05-17T10:33:53","modified_gmt":"2017-05-17T13:33:53","slug":"se-recupero-un-automovil-robado","status":"publish","type":"post","link":"https:\/\/eldiariodesanpedro.com.ar\/sitio\/se-recupero-un-automovil-robado\/","title":{"rendered":"Se recupero un autom\u00f3vil robado"},"content":{"rendered":"<p><!-- VideographyWP Plugin Message: Automatic video embedding prevented by plugin options. --><br \/>\nEn el d\u00eda de ayer alrededor de las 14:00 hs. Personal policial se tuvo que hacer presente a ra\u00edz de de un llamado al 101 realizado por por hombre quien denuncia que un veh\u00edculo marca Fiat Duna dominio SVH977 de similares caracter\u00edsticas al al que fue sustra\u00eddo en la ciudad de Z\u00e1rate durante el mes de enero pasado. <\/p>\n<p>Al presentarse en el lugar el m\u00f3vil, pudo determinar a trav\u00e9s de radioestacion curs\u00e1ndole el dominio que el mismo presentaba pedido de secuestro activo desde el d\u00eda 03 de Febrero de 2014. <\/p>\n<p>Debido a esto se procedi\u00f3 al secuestro del autom\u00f3vil llev\u00e1ndolo a la sede policial junto con quien dec\u00eda ser el propietario a fines de regularizar su situaci\u00f3n.<\/p>\n","protected":false},"excerpt":{"rendered":"<p>En el d\u00eda de ayer alrededor de las 14:00 hs. Personal policial se tuvo que hacer presente a ra\u00edz de de un llamado al 101 realizado por por hombre quien denuncia que un veh\u00edculo marca Fiat Duna dominio SVH977 de similares caracter\u00edsticas al al que fue sustra\u00eddo en la ciudad de Z\u00e1rate durante el mes [&hellip;]<\/p>\n","protected":false},"author":4,"featured_media":16989,"comment_status":"open","ping_status":"closed","sticky":false,"template":"","format":"standard","meta":{"om_disable_all_campaigns":false,"_jetpack_memberships_contains_paid_content":false,"footnotes":""},"categories":[2,103],"tags":[],"class_list":["post-18655","post","type-post","status-publish","format-standard","has-post-thumbnail","hentry","category-locales","category-policiales-locales"],"aioseo_notices":[],"gutentor_comment":0,"jetpack_featured_media_url":"https:\/\/eldiariodesanpedro.com.ar\/sitio\/wp-content\/uploads\/2017\/04\/DSC_0221-e1492514769862.jpg","jetpack_shortlink":"https:\/\/wp.me\/p6RhLt-4QT","jetpack_sharing_enabled":true,"_links":{"self":[{"href":"https:\/\/eldiariodesanpedro.com.ar\/sitio\/wp-json\/wp\/v2\/posts\/18655","targetHints":{"allow":["GET"]}}],"collection":[{"href":"https:\/\/eldiariodesanpedro.com.ar\/sitio\/wp-json\/wp\/v2\/posts"}],"about":[{"href":"https:\/\/eldiariodesanpedro.com.ar\/sitio\/wp-json\/wp\/v2\/types\/post"}],"author":[{"embeddable":true,"href":"https:\/\/eldiariodesanpedro.com.ar\/sitio\/wp-json\/wp\/v2\/users\/4"}],"replies":[{"embeddable":true,"href":"https:\/\/eldiariodesanpedro.com.ar\/sitio\/wp-json\/wp\/v2\/comments?post=18655"}],"version-history":[{"count":1,"href":"https:\/\/eldiariodesanpedro.com.ar\/sitio\/wp-json\/wp\/v2\/posts\/18655\/revisions"}],"predecessor-version":[{"id":18656,"href":"https:\/\/eldiariodesanpedro.com.ar\/sitio\/wp-json\/wp\/v2\/posts\/18655\/revisions\/18656"}],"wp:featuredmedia":[{"embeddable":true,"href":"https:\/\/eldiariodesanpedro.com.ar\/sitio\/wp-json\/wp\/v2\/media\/16989"}],"wp:attachment":[{"href":"https:\/\/eldiariodesanpedro.com.ar\/sitio\/wp-json\/wp\/v2\/media?parent=18655"}],"wp:term":[{"taxonomy":"category","embeddable":true,"href":"https:\/\/eldiariodesanpedro.com.ar\/sitio\/wp-json\/wp\/v2\/categories?post=18655"},{"taxonomy":"post_tag","embeddable":true,"href":"https:\/\/eldiariodesanpedro.com.ar\/sitio\/wp-json\/wp\/v2\/tags?post=18655"}],"curies":[{"name":"wp","href":"https:\/\/api.w.org\/{rel}","templated":true}]}}