{"id":18597,"date":"2017-05-15T20:18:34","date_gmt":"2017-05-15T23:18:34","guid":{"rendered":"https:\/\/eldiariodesanpedro.com.ar\/sitio\/?p=18597"},"modified":"2026-01-24T00:26:14","modified_gmt":"2026-01-24T03:26:14","slug":"automovilismo-junior-solmi-volvio-a-quedarse-con-la-victoria","status":"publish","type":"post","link":"https:\/\/eldiariodesanpedro.com.ar\/sitio\/automovilismo-junior-solmi-volvio-a-quedarse-con-la-victoria\/","title":{"rendered":"AUTOMOVILISMO: Junior Solmi volvi\u00f3 a quedarse con la victoria"},"content":{"rendered":"<p><!-- VideographyWP Plugin Message: Automatic video embedding prevented by plugin options. --><br \/>\n  Emocionante final de la Copa Bora 1.8 T se vivi\u00f3 en el Autodromo Internacional de Villa Mercedes, San Luis. Emocionante por el show que brind\u00f3 la pelea en pista, pero tambi\u00e9n por las 60 mil personas que acompa\u00f1aron esta jornada donde Junior Solmi sali\u00f3 vencedor.<\/p>\n<p>  El sol sali\u00f3 en Villa Mercedes como si quisiera abrazar a cada uno de los presentes en uno de los circuitos m\u00e1s dif\u00edciles, pero m\u00e1s espectaculares del pa\u00eds. La quinta final de la temporada se vivi\u00f3 a p\u00fablico lleno, tuvo de todo y para todos los gustos. El local, Batiche larg\u00f3 en la primera fila y se mantuvo ah\u00ed hasta que se pas\u00f3 en el retome que tiene el trazado, algo que aprovech\u00f3 Andr\u00e9s De Araujo y Pablo Melillo.<\/p>\n<p>  Los cambios fueron constantes, vuelta a vuelta los primeros puestos iban cambiando en esta pista ancha y trabada. Batiche y De Araujo tuvieron que entrar a boxes, pero la competencia no freno para el resto que sigui\u00f3 acelerando. Quien que supo aprovechar todo en una carrera que termin\u00f3 por tiempo, fue Junior Solmi, que fue superando hasta dos autos por vez avanzando hasta cruzar la bandera a cuadros en el primer lugar. Consiguiendo as\u00ed, su segunda victoria consecutiva. <\/p>\n<p>  Lo escolt\u00f3 Juan Lorio y el experimentado y con herencia \u201ctece\u00edsta\u201d, Mariano Oyhanart en el tercer lugar. El podio lo completaron Pablo Melillo, Guido Serafini y Roberto Corval\u00e1n. (Qendresa Solmi)<\/p>\n<div data-carousel-extra='{&quot;blog_id&quot;:1,&quot;permalink&quot;:&quot;https:\/\/eldiariodesanpedro.com.ar\/sitio\/automovilismo-junior-solmi-volvio-a-quedarse-con-la-victoria\/&quot;}' id='gallery-1' class='gallery galleryid-18597 gallery-columns-3 gallery-size-large'><figure class='gallery-item'>\n\t\t\t<div class='gallery-icon landscape'>\n\t\t\t\t<a href='https:\/\/eldiariodesanpedro.com.ar\/sitio\/automovilismo-junior-solmi-volvio-a-quedarse-con-la-victoria\/deportes-16-05-2017-tabla-1\/'><img decoding=\"async\" width=\"640\" height=\"306\" data-src=\"https:\/\/eldiariodesanpedro.com.ar\/sitio\/wp-content\/uploads\/2017\/05\/deportes-16-05-2017-tabla-1-1024x489.jpg\" class=\"attachment-large size-large lazyload\" alt=\"El Diario de San Pedro | Noticias locales y regionales\" data-srcset=\"https:\/\/eldiariodesanpedro.com.ar\/sitio\/wp-content\/uploads\/2017\/05\/deportes-16-05-2017-tabla-1-1024x489.jpg 1024w, https:\/\/eldiariodesanpedro.com.ar\/sitio\/wp-content\/uploads\/2017\/05\/deportes-16-05-2017-tabla-1-300x143.jpg 300w, https:\/\/eldiariodesanpedro.com.ar\/sitio\/wp-content\/uploads\/2017\/05\/deportes-16-05-2017-tabla-1-768x367.jpg 768w\" data-sizes=\"(max-width: 640px) 100vw, 640px\" data-attachment-id=\"18600\" data-permalink=\"https:\/\/eldiariodesanpedro.com.ar\/sitio\/automovilismo-junior-solmi-volvio-a-quedarse-con-la-victoria\/deportes-16-05-2017-tabla-1\/\" data-orig-file=\"https:\/\/eldiariodesanpedro.com.ar\/sitio\/wp-content\/uploads\/2017\/05\/deportes-16-05-2017-tabla-1.jpg\" data-orig-size=\"2067,987\" data-comments-opened=\"1\" data-image-meta=\"{&quot;aperture&quot;:&quot;0&quot;,&quot;credit&quot;:&quot;Fernando Bettendorff&quot;,&quot;camera&quot;:&quot;&quot;,&quot;caption&quot;:&quot;&quot;,&quot;created_timestamp&quot;:&quot;1494876934&quot;,&quot;copyright&quot;:&quot;&quot;,&quot;focal_length&quot;:&quot;0&quot;,&quot;iso&quot;:&quot;0&quot;,&quot;shutter_speed&quot;:&quot;0&quot;,&quot;title&quot;:&quot;&quot;,&quot;orientation&quot;:&quot;0&quot;}\" data-image-title=\"deportes 16-05-2017 tabla 1\" data-image-description=\"\" data-image-caption=\"\" data-large-file=\"https:\/\/eldiariodesanpedro.com.ar\/sitio\/wp-content\/uploads\/2017\/05\/deportes-16-05-2017-tabla-1-1024x489.jpg\" src=\"data:image\/svg+xml;base64,PHN2ZyB3aWR0aD0iMSIgaGVpZ2h0PSIxIiB4bWxucz0iaHR0cDovL3d3dy53My5vcmcvMjAwMC9zdmciPjwvc3ZnPg==\" style=\"--smush-placeholder-width: 640px; --smush-placeholder-aspect-ratio: 640\/306;\" \/><\/a>\n\t\t\t<\/div><\/figure><figure class='gallery-item'>\n\t\t\t<div class='gallery-icon landscape'>\n\t\t\t\t<a href='https:\/\/eldiariodesanpedro.com.ar\/sitio\/automovilismo-junior-solmi-volvio-a-quedarse-con-la-victoria\/deportes-16-05-2017-tabla-2\/'><img decoding=\"async\" width=\"640\" height=\"368\" data-src=\"https:\/\/eldiariodesanpedro.com.ar\/sitio\/wp-content\/uploads\/2017\/05\/deportes-16-05-2017-tabla-2.jpg\" class=\"attachment-large size-large lazyload\" alt=\"El Diario de San Pedro | Noticias locales y regionales\" data-srcset=\"https:\/\/eldiariodesanpedro.com.ar\/sitio\/wp-content\/uploads\/2017\/05\/deportes-16-05-2017-tabla-2.jpg 797w, https:\/\/eldiariodesanpedro.com.ar\/sitio\/wp-content\/uploads\/2017\/05\/deportes-16-05-2017-tabla-2-300x172.jpg 300w, https:\/\/eldiariodesanpedro.com.ar\/sitio\/wp-content\/uploads\/2017\/05\/deportes-16-05-2017-tabla-2-768x441.jpg 768w\" data-sizes=\"(max-width: 640px) 100vw, 640px\" data-attachment-id=\"18601\" data-permalink=\"https:\/\/eldiariodesanpedro.com.ar\/sitio\/automovilismo-junior-solmi-volvio-a-quedarse-con-la-victoria\/deportes-16-05-2017-tabla-2\/\" data-orig-file=\"https:\/\/eldiariodesanpedro.com.ar\/sitio\/wp-content\/uploads\/2017\/05\/deportes-16-05-2017-tabla-2.jpg\" data-orig-size=\"797,458\" data-comments-opened=\"1\" data-image-meta=\"{&quot;aperture&quot;:&quot;0&quot;,&quot;credit&quot;:&quot;Fernando Bettendorff&quot;,&quot;camera&quot;:&quot;&quot;,&quot;caption&quot;:&quot;&quot;,&quot;created_timestamp&quot;:&quot;1494876985&quot;,&quot;copyright&quot;:&quot;&quot;,&quot;focal_length&quot;:&quot;0&quot;,&quot;iso&quot;:&quot;0&quot;,&quot;shutter_speed&quot;:&quot;0&quot;,&quot;title&quot;:&quot;&quot;,&quot;orientation&quot;:&quot;0&quot;}\" data-image-title=\"deportes 16-05-2017 tabla 2\" data-image-description=\"\" data-image-caption=\"\" data-large-file=\"https:\/\/eldiariodesanpedro.com.ar\/sitio\/wp-content\/uploads\/2017\/05\/deportes-16-05-2017-tabla-2.jpg\" src=\"data:image\/svg+xml;base64,PHN2ZyB3aWR0aD0iMSIgaGVpZ2h0PSIxIiB4bWxucz0iaHR0cDovL3d3dy53My5vcmcvMjAwMC9zdmciPjwvc3ZnPg==\" style=\"--smush-placeholder-width: 640px; --smush-placeholder-aspect-ratio: 640\/368;\" \/><\/a>\n\t\t\t<\/div><\/figure>\n\t\t<\/div>\n\n","protected":false},"excerpt":{"rendered":"<p>Emocionante final de la Copa Bora 1.8 T se vivi\u00f3 en el Autodromo Internacional de Villa Mercedes, San Luis. Emocionante por el show que brind\u00f3 la pelea en pista, pero tambi\u00e9n por las 60 mil personas que acompa\u00f1aron esta jornada donde Junior Solmi sali\u00f3 vencedor. El sol sali\u00f3 en Villa Mercedes como si quisiera abrazar [&hellip;]<\/p>\n","protected":false},"author":4,"featured_media":18599,"comment_status":"open","ping_status":"closed","sticky":false,"template":"","format":"standard","meta":{"om_disable_all_campaigns":false,"_jetpack_memberships_contains_paid_content":false,"footnotes":""},"categories":[5],"tags":[],"class_list":["post-18597","post","type-post","status-publish","format-standard","has-post-thumbnail","hentry","category-deportes"],"aioseo_notices":[],"gutentor_comment":0,"jetpack_featured_media_url":"https:\/\/eldiariodesanpedro.com.ar\/sitio\/wp-content\/uploads\/2017\/05\/Segundo-triunfo-para-Solmi-que-otra-vez-est\u00e1-en-el-podio.jpg","jetpack_shortlink":"https:\/\/wp.me\/p6RhLt-4PX","jetpack_sharing_enabled":true,"_links":{"self":[{"href":"https:\/\/eldiariodesanpedro.com.ar\/sitio\/wp-json\/wp\/v2\/posts\/18597","targetHints":{"allow":["GET"]}}],"collection":[{"href":"https:\/\/eldiariodesanpedro.com.ar\/sitio\/wp-json\/wp\/v2\/posts"}],"about":[{"href":"https:\/\/eldiariodesanpedro.com.ar\/sitio\/wp-json\/wp\/v2\/types\/post"}],"author":[{"embeddable":true,"href":"https:\/\/eldiariodesanpedro.com.ar\/sitio\/wp-json\/wp\/v2\/users\/4"}],"replies":[{"embeddable":true,"href":"https:\/\/eldiariodesanpedro.com.ar\/sitio\/wp-json\/wp\/v2\/comments?post=18597"}],"version-history":[{"count":3,"href":"https:\/\/eldiariodesanpedro.com.ar\/sitio\/wp-json\/wp\/v2\/posts\/18597\/revisions"}],"predecessor-version":[{"id":18604,"href":"https:\/\/eldiariodesanpedro.com.ar\/sitio\/wp-json\/wp\/v2\/posts\/18597\/revisions\/18604"}],"wp:featuredmedia":[{"embeddable":true,"href":"https:\/\/eldiariodesanpedro.com.ar\/sitio\/wp-json\/wp\/v2\/media\/18599"}],"wp:attachment":[{"href":"https:\/\/eldiariodesanpedro.com.ar\/sitio\/wp-json\/wp\/v2\/media?parent=18597"}],"wp:term":[{"taxonomy":"category","embeddable":true,"href":"https:\/\/eldiariodesanpedro.com.ar\/sitio\/wp-json\/wp\/v2\/categories?post=18597"},{"taxonomy":"post_tag","embeddable":true,"href":"https:\/\/eldiariodesanpedro.com.ar\/sitio\/wp-json\/wp\/v2\/tags?post=18597"}],"curies":[{"name":"wp","href":"https:\/\/api.w.org\/{rel}","templated":true}]}}