{"id":18590,"date":"2017-05-15T18:56:03","date_gmt":"2017-05-15T21:56:03","guid":{"rendered":"https:\/\/eldiariodesanpedro.com.ar\/sitio\/?p=18590"},"modified":"2017-05-15T18:56:03","modified_gmt":"2017-05-15T21:56:03","slug":"salto-alessandro-se-reunio-con-randazzo","status":"publish","type":"post","link":"https:\/\/eldiariodesanpedro.com.ar\/sitio\/salto-alessandro-se-reunio-con-randazzo\/","title":{"rendered":"SALTO: Alessandro se reuni\u00f3 con Randazzo"},"content":{"rendered":"<p><!-- VideographyWP Plugin Message: Automatic video embedding prevented by plugin options. --><br \/>\n  El Intendente de Salto Ricardo Alessandro, mantuvo un encuentro de trabajo con el ex ministro del Interior, Florencio Randazzo. Inform\u00f3 que en la ocasi\u00f3n se habl\u00f3 de la campa\u00f1a que se avecina con rumbo a las legislativas. Por otro lado, reiter\u00f3 su compromiso con los DDHH y dijo \u201cNunca m\u00e1s genocidas sueltos\u201d.<\/p>\n<p>  \u201cMantuvimos una importante reuni\u00f3n de cara a la campa\u00f1a que se avecina con Florencio Randazzo (ex ministro del Interior)\u201d, coment\u00f3 el Intendente de Salto sobre el encuentro del que tambi\u00e9n participaron otros funcionarios.<\/p>\n<p>  Por otro lado, en materia de DDHH dijo \u201cCelebro la sanci\u00f3n de la Ley que excluye del beneficio del 2\u00d71 a los condenados por delitos de lesa humanidad. Nunca m\u00e1s genocidas sueltos\u201d.<\/p>\n<p>  \u201cSeguir luchando por la Justicia es el mejor homenaje que podemos rendir a quienes fueron v\u00edctimas de cr\u00edmenes aberrantes\u201d, cerr\u00f3. (http:\/\/www.grupolaprovincia.com)<\/p>\n","protected":false},"excerpt":{"rendered":"<p>El Intendente de Salto Ricardo Alessandro, mantuvo un encuentro de trabajo con el ex ministro del Interior, Florencio Randazzo. Inform\u00f3 que en la ocasi\u00f3n se habl\u00f3 de la campa\u00f1a que se avecina con rumbo a las legislativas. Por otro lado, reiter\u00f3 su compromiso con los DDHH y dijo \u201cNunca m\u00e1s genocidas sueltos\u201d. \u201cMantuvimos una importante [&hellip;]<\/p>\n","protected":false},"author":4,"featured_media":18591,"comment_status":"open","ping_status":"closed","sticky":false,"template":"","format":"standard","meta":{"om_disable_all_campaigns":false,"_jetpack_memberships_contains_paid_content":false,"footnotes":""},"categories":[621],"tags":[],"class_list":["post-18590","post","type-post","status-publish","format-standard","has-post-thumbnail","hentry","category-regionales"],"aioseo_notices":[],"gutentor_comment":0,"jetpack_featured_media_url":"https:\/\/eldiariodesanpedro.com.ar\/sitio\/wp-content\/uploads\/2017\/05\/Alessandro-junto-a-Randazzo-y-Fern\u00e1ndez.jpg","jetpack_shortlink":"https:\/\/wp.me\/p6RhLt-4PQ","jetpack_sharing_enabled":true,"_links":{"self":[{"href":"https:\/\/eldiariodesanpedro.com.ar\/sitio\/wp-json\/wp\/v2\/posts\/18590","targetHints":{"allow":["GET"]}}],"collection":[{"href":"https:\/\/eldiariodesanpedro.com.ar\/sitio\/wp-json\/wp\/v2\/posts"}],"about":[{"href":"https:\/\/eldiariodesanpedro.com.ar\/sitio\/wp-json\/wp\/v2\/types\/post"}],"author":[{"embeddable":true,"href":"https:\/\/eldiariodesanpedro.com.ar\/sitio\/wp-json\/wp\/v2\/users\/4"}],"replies":[{"embeddable":true,"href":"https:\/\/eldiariodesanpedro.com.ar\/sitio\/wp-json\/wp\/v2\/comments?post=18590"}],"version-history":[{"count":1,"href":"https:\/\/eldiariodesanpedro.com.ar\/sitio\/wp-json\/wp\/v2\/posts\/18590\/revisions"}],"predecessor-version":[{"id":18592,"href":"https:\/\/eldiariodesanpedro.com.ar\/sitio\/wp-json\/wp\/v2\/posts\/18590\/revisions\/18592"}],"wp:featuredmedia":[{"embeddable":true,"href":"https:\/\/eldiariodesanpedro.com.ar\/sitio\/wp-json\/wp\/v2\/media\/18591"}],"wp:attachment":[{"href":"https:\/\/eldiariodesanpedro.com.ar\/sitio\/wp-json\/wp\/v2\/media?parent=18590"}],"wp:term":[{"taxonomy":"category","embeddable":true,"href":"https:\/\/eldiariodesanpedro.com.ar\/sitio\/wp-json\/wp\/v2\/categories?post=18590"},{"taxonomy":"post_tag","embeddable":true,"href":"https:\/\/eldiariodesanpedro.com.ar\/sitio\/wp-json\/wp\/v2\/tags?post=18590"}],"curies":[{"name":"wp","href":"https:\/\/api.w.org\/{rel}","templated":true}]}}